{"id":81734,"date":"2021-11-10T11:22:09","date_gmt":"2021-11-10T10:22:09","guid":{"rendered":"https:\/\/www.fisifvg.org\/?p=81734"},"modified":"2021-11-10T11:22:09","modified_gmt":"2021-11-10T10:22:09","slug":"la-regione-fvg-concede-contributi-per-realizzare-manifestazioni-sportive","status":"publish","type":"post","link":"https:\/\/comitati.fisi.org\/friuli-venezia-giulia\/blog\/2021\/11\/10\/la-regione-fvg-concede-contributi-per-realizzare-manifestazioni-sportive\/","title":{"rendered":"La Regione FVG concede contributi per realizzare manifestazioni sportive"},"content":{"rendered":"<p>La Regione FVG concede contributi a favore della realizzazione di manifestazioni sportive, anche a carattere transfrontaliero, nel territorio regionale.<\/p>\n<p>Destinatari sono le associazioni sportive senza finalit\u00e0 di lucro, le societ\u00e0 sportive senza finalit\u00e0 di lucro, i comitati regionali delle federazioni sportive nazionali e delle discipline sportive associate, il Comitato regionale del CONI, le articolazioni territoriali sovracomunali degli enti di promozione sportiva, i comitati organizzatori locali formalmente costituiti.<\/p>\n<p>Le domande possono essere presentate fino a marted\u00ec 30 novembre.<\/p>\n<p><a class=\"oajrlxb2 g5ia77u1 qu0x051f esr5mh6w e9989ue4 r7d6kgcz rq0escxv nhd2j8a9 nc684nl6 p7hjln8o kvgmc6g5 cxmmr5t8 oygrvhab hcukyx3x jb3vyjys rz4wbd8a qt6c0cv9 a8nywdso i1ao9s8h esuyzwwr f1sip0of lzcic4wl py34i1dx gpro0wi8\" role=\"link\" href=\"https:\/\/bit.ly\/ManifestazioniSportiveFVG?fbclid=IwAR2FbU0HhmH0PajMfLZDQGr8n7fxApXf4hyWjLL1GtLauNm68cqhFjevXJE\" target=\"_blank\" rel=\"nofollow noopener\">CLICCARE QUI PER INFO E MODULISTICA<\/a><\/p>\n","protected":false},"excerpt":{"rendered":"<p>Le domande possono essere presentate fino a marted\u00ec 30 novembre<\/p>\n","protected":false},"author":4,"featured_media":70908,"comment_status":"closed","ping_status":"closed","sticky":false,"template":"","format":"standard","meta":{"_acf_changed":false,"footnotes":""},"categories":[10,17],"tags":[],"acf":[],"_links":{"self":[{"href":"https:\/\/comitati.fisi.org\/friuli-venezia-giulia\/wp-json\/wp\/v2\/posts\/81734"}],"collection":[{"href":"https:\/\/comitati.fisi.org\/friuli-venezia-giulia\/wp-json\/wp\/v2\/posts"}],"about":[{"href":"https:\/\/comitati.fisi.org\/friuli-venezia-giulia\/wp-json\/wp\/v2\/types\/post"}],"author":[{"embeddable":true,"href":"https:\/\/comitati.fisi.org\/friuli-venezia-giulia\/wp-json\/wp\/v2\/users\/4"}],"replies":[{"embeddable":true,"href":"https:\/\/comitati.fisi.org\/friuli-venezia-giulia\/wp-json\/wp\/v2\/comments?post=81734"}],"version-history":[{"count":0,"href":"https:\/\/comitati.fisi.org\/friuli-venezia-giulia\/wp-json\/wp\/v2\/posts\/81734\/revisions"}],"wp:featuredmedia":[{"embeddable":true,"href":"https:\/\/comitati.fisi.org\/friuli-venezia-giulia\/wp-json\/wp\/v2\/media\/70908"}],"wp:attachment":[{"href":"https:\/\/comitati.fisi.org\/friuli-venezia-giulia\/wp-json\/wp\/v2\/media?parent=81734"}],"wp:term":[{"taxonomy":"category","embeddable":true,"href":"https:\/\/comitati.fisi.org\/friuli-venezia-giulia\/wp-json\/wp\/v2\/categories?post=81734"},{"taxonomy":"post_tag","embeddable":true,"href":"https:\/\/comitati.fisi.org\/friuli-venezia-giulia\/wp-json\/wp\/v2\/tags?post=81734"}],"curies":[{"name":"wp","href":"https:\/\/api.w.org\/{rel}","templated":true}]}}