{"id":81721,"date":"2021-11-09T14:51:12","date_gmt":"2021-11-09T13:51:12","guid":{"rendered":"https:\/\/www.fisifvg.org\/?p=81721"},"modified":"2021-11-09T14:51:12","modified_gmt":"2021-11-09T13:51:12","slug":"ll-trofeo-biberon-2022-inserito-nel-circuito-energiapura-kids-series","status":"publish","type":"post","link":"https:\/\/comitati.fisi.org\/friuli-venezia-giulia\/blog\/2021\/11\/09\/ll-trofeo-biberon-2022-inserito-nel-circuito-energiapura-kids-series\/","title":{"rendered":"ll Trofeo Biberon 2022 inserito nel circuito &#8220;Energiapura Kids Series&#8221;"},"content":{"rendered":"<p><em><strong>Riceviamo dallo Sci Club 70 e volentieri pubblichiamo.<\/strong><\/em><br \/>\n<span style=\"font-size: 1rem\"><br \/>\nLo sci club 70 \u00e8 gi\u00e0 al lavoro per l&#8217;edizione numero 38 (17a internazionale) del Trofeo Biberon, che si terr\u00e0, come tradizione, a Forni di Sopra dal 4 al 6 febbraio 2022, con slalom, gigante e team event.<\/span><\/p>\n<div class=\"gmail-kvgmc6g5 gmail-cxmmr5t8 gmail-oygrvhab gmail-hcukyx3x gmail-c1et5uql gmail-ii04i59q\">\n<div dir=\"auto\">L&#8217;evento \u00e8 stato inserito nel circuito Energiapura Kids Series\u00a0come prima tappa stagionale. L&#8217;obiettivo del format delle\u00a0<i>&#8220;Series&#8221;<\/i> \u00e8 premiare gli atleti nel loro rendimento espresso nell\u2019arco della stagione e non sulla singola gara: un riconoscimento che premia l\u2019impegno e la passione di un lavoro tecnico e psicofisico espresso durante tutto l\u2019anno.<span class=\"gmail-Apple-converted-space\">\u00a0<\/span><\/div>\n<\/div>\n<div class=\"gmail-o9v6fnle gmail-cxmmr5t8 gmail-oygrvhab gmail-hcukyx3x gmail-c1et5uql gmail-ii04i59q\">\n<div dir=\"auto\"><i><br \/>\n&#8220;Avere come partner ufficiale questo importante brand ci rende orgogliosi e soddisfatti del lavoro svolto in tutti questi anni&#8221;, <\/i>dice il presidente dello sci club 70 Roberto Andreassich.<\/div>\n<div dir=\"auto\"><\/div>\n<div dir=\"auto\"><span class=\"gmail-Apple-converted-space\">\u00a0<\/span><\/div>\n<\/div>\n","protected":false},"excerpt":{"rendered":"<p>L&#8217;appuntamento dello Sci Club 70 \u00e8 in programma dal 4 al 6 febbraio<\/p>\n","protected":false},"author":4,"featured_media":81723,"comment_status":"closed","ping_status":"closed","sticky":false,"template":"","format":"standard","meta":{"_acf_changed":false,"footnotes":""},"categories":[10,15],"tags":[],"acf":[],"_links":{"self":[{"href":"https:\/\/comitati.fisi.org\/friuli-venezia-giulia\/wp-json\/wp\/v2\/posts\/81721"}],"collection":[{"href":"https:\/\/comitati.fisi.org\/friuli-venezia-giulia\/wp-json\/wp\/v2\/posts"}],"about":[{"href":"https:\/\/comitati.fisi.org\/friuli-venezia-giulia\/wp-json\/wp\/v2\/types\/post"}],"author":[{"embeddable":true,"href":"https:\/\/comitati.fisi.org\/friuli-venezia-giulia\/wp-json\/wp\/v2\/users\/4"}],"replies":[{"embeddable":true,"href":"https:\/\/comitati.fisi.org\/friuli-venezia-giulia\/wp-json\/wp\/v2\/comments?post=81721"}],"version-history":[{"count":0,"href":"https:\/\/comitati.fisi.org\/friuli-venezia-giulia\/wp-json\/wp\/v2\/posts\/81721\/revisions"}],"wp:featuredmedia":[{"embeddable":true,"href":"https:\/\/comitati.fisi.org\/friuli-venezia-giulia\/wp-json\/wp\/v2\/media\/81723"}],"wp:attachment":[{"href":"https:\/\/comitati.fisi.org\/friuli-venezia-giulia\/wp-json\/wp\/v2\/media?parent=81721"}],"wp:term":[{"taxonomy":"category","embeddable":true,"href":"https:\/\/comitati.fisi.org\/friuli-venezia-giulia\/wp-json\/wp\/v2\/categories?post=81721"},{"taxonomy":"post_tag","embeddable":true,"href":"https:\/\/comitati.fisi.org\/friuli-venezia-giulia\/wp-json\/wp\/v2\/tags?post=81721"}],"curies":[{"name":"wp","href":"https:\/\/api.w.org\/{rel}","templated":true}]}}