{"id":81712,"date":"2021-11-08T14:13:26","date_gmt":"2021-11-08T13:13:26","guid":{"rendered":"https:\/\/www.fisifvg.org\/?p=81712"},"modified":"2021-11-08T14:13:26","modified_gmt":"2021-11-08T13:13:26","slug":"allenamenti-in-austria-per-pittin-buzzi-e-gli-altri-combinatisti-azzurri","status":"publish","type":"post","link":"https:\/\/comitati.fisi.org\/friuli-venezia-giulia\/blog\/2021\/11\/08\/allenamenti-in-austria-per-pittin-buzzi-e-gli-altri-combinatisti-azzurri\/","title":{"rendered":"Allenamenti in Austria per Pittin, Buzzi e gli altri combinatisti azzurri"},"content":{"rendered":"<p>Il coordinatore delle squadre nazionali Sandro Sambugaro ha disposto la convocazione di un raduno per le squadre A e B di combinata nordica maschile e che si svolger\u00e0 da marted\u00ec 9 a venerd\u00ec 12 novembre, a Seefeld.<\/p>\n<p>Nella localit\u00e0 sulle Alpi austriache prenderanno parte all\u2019allenamento gli atleti Samuel Costa, Aaron Kostner, <strong>Raffaele Buzzi, Alessandro Pittin,<\/strong> Iacopo Bortolas e Domenico Mariotti, capitanati dal gruppo di tecnici federali composto da Ivan Lunardi, Danny Winkelmann ed Enrico Nizzi.<\/p>\n","protected":false},"excerpt":{"rendered":"<p>A Seefeld dal 9 al 12 novembre<\/p>\n","protected":false},"author":4,"featured_media":73669,"comment_status":"closed","ping_status":"closed","sticky":false,"template":"","format":"standard","meta":{"_acf_changed":false,"footnotes":""},"categories":[14,10],"tags":[],"acf":[],"_links":{"self":[{"href":"https:\/\/comitati.fisi.org\/friuli-venezia-giulia\/wp-json\/wp\/v2\/posts\/81712"}],"collection":[{"href":"https:\/\/comitati.fisi.org\/friuli-venezia-giulia\/wp-json\/wp\/v2\/posts"}],"about":[{"href":"https:\/\/comitati.fisi.org\/friuli-venezia-giulia\/wp-json\/wp\/v2\/types\/post"}],"author":[{"embeddable":true,"href":"https:\/\/comitati.fisi.org\/friuli-venezia-giulia\/wp-json\/wp\/v2\/users\/4"}],"replies":[{"embeddable":true,"href":"https:\/\/comitati.fisi.org\/friuli-venezia-giulia\/wp-json\/wp\/v2\/comments?post=81712"}],"version-history":[{"count":0,"href":"https:\/\/comitati.fisi.org\/friuli-venezia-giulia\/wp-json\/wp\/v2\/posts\/81712\/revisions"}],"wp:featuredmedia":[{"embeddable":true,"href":"https:\/\/comitati.fisi.org\/friuli-venezia-giulia\/wp-json\/wp\/v2\/media\/73669"}],"wp:attachment":[{"href":"https:\/\/comitati.fisi.org\/friuli-venezia-giulia\/wp-json\/wp\/v2\/media?parent=81712"}],"wp:term":[{"taxonomy":"category","embeddable":true,"href":"https:\/\/comitati.fisi.org\/friuli-venezia-giulia\/wp-json\/wp\/v2\/categories?post=81712"},{"taxonomy":"post_tag","embeddable":true,"href":"https:\/\/comitati.fisi.org\/friuli-venezia-giulia\/wp-json\/wp\/v2\/tags?post=81712"}],"curies":[{"name":"wp","href":"https:\/\/api.w.org\/{rel}","templated":true}]}}