{"id":81705,"date":"2021-11-08T08:51:02","date_gmt":"2021-11-08T07:51:02","guid":{"rendered":"https:\/\/www.fisifvg.org\/?p=81705"},"modified":"2021-11-08T08:51:02","modified_gmt":"2021-11-08T07:51:02","slug":"cambio-al-vertice-della-fornese-alla-presidenza-ce-stefano-larice","status":"publish","type":"post","link":"https:\/\/comitati.fisi.org\/friuli-venezia-giulia\/blog\/2021\/11\/08\/cambio-al-vertice-della-fornese-alla-presidenza-ce-stefano-larice\/","title":{"rendered":"Cambio al vertice della Fornese, alla presidenza c&#8217;\u00e8 Stefano Larice"},"content":{"rendered":"<p><em><strong>Riceviamo dalla Societ\u00e0 Sportiva Fornese e volentieri pubblichiamo.<\/strong><\/em><\/p>\n<p>L\u2019assemblea annuale della storica Societ\u00e0 Sportiva Fornese di Forni di Sopra, tenutasi ai primi di ottobre 2021, ha rinnovato il Consiglio Direttivo, che diriger\u00e0 il sodalizio per i prossimi quattro anni.<\/p>\n<p>Il nuovo presidente \u00e8 Stefano Larice, 54 anni, gi\u00e0 vicepresidente nei precedenti quattro mandati. I due vicepresidenti sono Ursula Pieli, segretaria per molti anni, ed il giovane Ivan Zannantonio, anche presidente della societ\u00e0 sportiva G.S. Centro Cadore. Sergio De Santa \u00e8 stato nominato segretario.<br \/>\nGli altri consiglieri eletti sono Marco Pletti, Severino De Monte, Mattia Del Fabbro, Ivan D\u2019Andrea, Luca Cappellari, Fulvio De Monte e Marco Pezzetta. Revisori dei conti eletti Cristina Antoniacomi, Loretta Franceschi e Gabriele Pecoraro.<br \/>\nIl nuovo direttivo ha anche nominato i responsabili delle varie discipline sportive seguite dalla societ\u00e0: per lo sci alpino si riconferma Marco Pletti (ruolo che riveste gi\u00e0 da pi\u00f9 anni), lo sci nordico sar\u00e0 seguito da Severino De Monte, per il biathlon il responsabile sar\u00e0 Mattia Del Fabbro, per lo sci alpinismo e il podismo \u00e8 stato riconfermato Ivan D\u2019Andrea.<br \/>\nDurante l\u2019assemblea annuale c\u2019\u00e8 stato il saluto di Ivan Chinese, che per gli ultimi due mandati ha presieduto la societ\u00e0. Chinese ha ringraziato tutti i collaboratori, consiglieri, soci, sponsor ed il Comune di Forni di Sopra per il loro supporto alla societ\u00e0. Ha poi augurato un buon lavoro al nuovo direttivo, auspicando in una maggior partecipazione della popolazione fornese nella vita della societ\u00e0, in particolare dei genitori dei bambini.<br \/>\nLarice, ringraziando Chinese ed il precedente Direttivo, ha affermato che l\u2019obiettivo principale \u00e8 quello di creare un gruppo di lavoro coeso e costruttivo, con l\u2019obiettivo di far crescere ulteriormente l\u2019attivit\u00e0 dell\u2019associazione. Il nuovo direttivo metter\u00e0 in primo piano l\u2019avvicinamento dei tesserati, in particolare i giovani, all\u2019attivit\u00e0 sportiva con diretta ricaduta sulla crescita delle persone, sia in ambito agonistico che sociale a beneficio di tutta la comunit\u00e0.<br \/>\nLa Societ\u00e0 Sportiva di Forni di Sopra fu costituita oltre 74 anni fa (1947) e da allora ha seguito con costanza e forte impegno generazioni di sportivi, organizzato eventi internazionali e forgiando atleti di elevato livello come gli azzurri Daniele Cappellari e Martin Coradazzi, attuali componenti delle squadre nazionali rispettivamente di biathlon e sci di dondo.<br \/>\nLa Fornese \u00e8 una delle Societ\u00e0 Sportive pi\u00f9 grandi della regione e conta circa 250 associati.<\/p>\n","protected":false},"excerpt":{"rendered":"<p>L\u2019assemblea annuale della storica societ\u00e0 sportiva di Forni di Sopra ha eletto il Consiglio Direttivo che diriger\u00e0 il sodalizio per i prossimi quattro anni<\/p>\n","protected":false},"author":4,"featured_media":81706,"comment_status":"closed","ping_status":"closed","sticky":false,"template":"","format":"standard","meta":{"_acf_changed":false,"footnotes":""},"categories":[10,17],"tags":[],"acf":[],"_links":{"self":[{"href":"https:\/\/comitati.fisi.org\/friuli-venezia-giulia\/wp-json\/wp\/v2\/posts\/81705"}],"collection":[{"href":"https:\/\/comitati.fisi.org\/friuli-venezia-giulia\/wp-json\/wp\/v2\/posts"}],"about":[{"href":"https:\/\/comitati.fisi.org\/friuli-venezia-giulia\/wp-json\/wp\/v2\/types\/post"}],"author":[{"embeddable":true,"href":"https:\/\/comitati.fisi.org\/friuli-venezia-giulia\/wp-json\/wp\/v2\/users\/4"}],"replies":[{"embeddable":true,"href":"https:\/\/comitati.fisi.org\/friuli-venezia-giulia\/wp-json\/wp\/v2\/comments?post=81705"}],"version-history":[{"count":0,"href":"https:\/\/comitati.fisi.org\/friuli-venezia-giulia\/wp-json\/wp\/v2\/posts\/81705\/revisions"}],"wp:featuredmedia":[{"embeddable":true,"href":"https:\/\/comitati.fisi.org\/friuli-venezia-giulia\/wp-json\/wp\/v2\/media\/81706"}],"wp:attachment":[{"href":"https:\/\/comitati.fisi.org\/friuli-venezia-giulia\/wp-json\/wp\/v2\/media?parent=81705"}],"wp:term":[{"taxonomy":"category","embeddable":true,"href":"https:\/\/comitati.fisi.org\/friuli-venezia-giulia\/wp-json\/wp\/v2\/categories?post=81705"},{"taxonomy":"post_tag","embeddable":true,"href":"https:\/\/comitati.fisi.org\/friuli-venezia-giulia\/wp-json\/wp\/v2\/tags?post=81705"}],"curies":[{"name":"wp","href":"https:\/\/api.w.org\/{rel}","templated":true}]}}