{"id":81696,"date":"2021-11-07T09:30:14","date_gmt":"2021-11-07T08:30:14","guid":{"rendered":"https:\/\/www.fisifvg.org\/?p=81696"},"modified":"2021-11-07T09:30:14","modified_gmt":"2021-11-07T08:30:14","slug":"le-promesse-del-biathlon-italiano-in-raduno-a-forni-avoltri","status":"publish","type":"post","link":"https:\/\/comitati.fisi.org\/friuli-venezia-giulia\/blog\/2021\/11\/07\/le-promesse-del-biathlon-italiano-in-raduno-a-forni-avoltri\/","title":{"rendered":"Le promesse del biathlon italiano in raduno a Forni Avoltri"},"content":{"rendered":"<p>Il direttore tecnico azzurro Fabrizio Curtaz ha convocato gli atleti della squadra junior\/giovani di biathlon per una serie di allenamenti a Forni Avoltri da luned\u00ec 8 a mercoled\u00ec 17 novembre, con la possibilit\u00e0 di usufruire della pista innevata alla Carnia Arena di Piani di Luzza.<\/p>\n<p>Sotto la supervisione dei tecnici Aline Noro, Pietro Dutto e <strong>Daniele Piller Roner<\/strong>, saranno presenti Gaia Brunetto, Marco Barale, Nicol\u00f2 Betemps, Thomas Daziano, <strong>Serena Del Fabbro (<em>nella foto<\/em>), Astrid Pl\u00f6sch, Ilaria e Sara Scattolo,<\/strong> Stefan Navillod, <strong>Fabio Piller Cottrer,<\/strong> Felix Ratschiller, Fabiana Carpela ed Elia Zeni.<\/p>\n","protected":false},"excerpt":{"rendered":"<p>Fra i presenti i cinque azzurri FVG, ovvero Serena Del Fabbro, Astrid Pl\u00f6sch, Ilaria Scattolo, Sara Scattolo e Fabio Piller Cottrer<\/p>\n","protected":false},"author":4,"featured_media":74304,"comment_status":"closed","ping_status":"closed","sticky":false,"template":"","format":"standard","meta":{"_acf_changed":false,"footnotes":""},"categories":[13,10],"tags":[],"acf":[],"_links":{"self":[{"href":"https:\/\/comitati.fisi.org\/friuli-venezia-giulia\/wp-json\/wp\/v2\/posts\/81696"}],"collection":[{"href":"https:\/\/comitati.fisi.org\/friuli-venezia-giulia\/wp-json\/wp\/v2\/posts"}],"about":[{"href":"https:\/\/comitati.fisi.org\/friuli-venezia-giulia\/wp-json\/wp\/v2\/types\/post"}],"author":[{"embeddable":true,"href":"https:\/\/comitati.fisi.org\/friuli-venezia-giulia\/wp-json\/wp\/v2\/users\/4"}],"replies":[{"embeddable":true,"href":"https:\/\/comitati.fisi.org\/friuli-venezia-giulia\/wp-json\/wp\/v2\/comments?post=81696"}],"version-history":[{"count":0,"href":"https:\/\/comitati.fisi.org\/friuli-venezia-giulia\/wp-json\/wp\/v2\/posts\/81696\/revisions"}],"wp:featuredmedia":[{"embeddable":true,"href":"https:\/\/comitati.fisi.org\/friuli-venezia-giulia\/wp-json\/wp\/v2\/media\/74304"}],"wp:attachment":[{"href":"https:\/\/comitati.fisi.org\/friuli-venezia-giulia\/wp-json\/wp\/v2\/media?parent=81696"}],"wp:term":[{"taxonomy":"category","embeddable":true,"href":"https:\/\/comitati.fisi.org\/friuli-venezia-giulia\/wp-json\/wp\/v2\/categories?post=81696"},{"taxonomy":"post_tag","embeddable":true,"href":"https:\/\/comitati.fisi.org\/friuli-venezia-giulia\/wp-json\/wp\/v2\/tags?post=81696"}],"curies":[{"name":"wp","href":"https:\/\/api.w.org\/{rel}","templated":true}]}}