{"id":81620,"date":"2021-11-01T15:46:25","date_gmt":"2021-11-01T14:46:25","guid":{"rendered":"https:\/\/www.fisifvg.org\/?p=81620"},"modified":"2021-11-01T15:46:25","modified_gmt":"2021-11-01T14:46:25","slug":"proficuo-raduno-in-piemonte-per-le-squadre-regionali-di-fondo","status":"publish","type":"post","link":"https:\/\/comitati.fisi.org\/friuli-venezia-giulia\/blog\/2021\/11\/01\/proficuo-raduno-in-piemonte-per-le-squadre-regionali-di-fondo\/","title":{"rendered":"Concluso un proficuo raduno per le squadre regionali di fondo"},"content":{"rendered":"<p>Si \u00e8 concluso a Riale di Formazza, in Piemonte, il raduno collegiale delle squadre FISI FVG di fondo.<\/p>\n<p>&#8220;Quattro giorni molto proficui sotto il profilo tecnico &#8211; spiega il dt Francesco Silverio -. Abbiamo lavorato su una pista di circa 2 km, ottimamente preparata dal gestore dell&#8217;impianto del centro fondo di Riale Gianluca Barp. I ragazzi hanno lavorato con grande abnegazione: nei primi giorni le condizioni erano ideali, poi \u00e8 arrivata la neve e quindi il tracciato \u00e8 diventato pi\u00f9 impegnativo. In ogni caso un raduno molto positivo in vista della nuova stagione&#8221;.<\/p>\n<p>Le prime gare stagionali come da tradizione si svolgeranno nell&#8217;ultimo week-end del mese a Santa Caterina Valfurva, mentre la Coppa Italia si aprir\u00e0 il 12 e 13 dicembre a Pragelato.<\/p>\n","protected":false},"excerpt":{"rendered":"<p>Le prime gare stagionali come da tradizione si svolgeranno nell&#8217;ultimo week-end del mese a Santa Caterina Valfurva<\/p>\n","protected":false},"author":4,"featured_media":81603,"comment_status":"closed","ping_status":"closed","sticky":false,"template":"","format":"standard","meta":{"_acf_changed":false,"footnotes":""},"categories":[10,11],"tags":[],"acf":[],"_links":{"self":[{"href":"https:\/\/comitati.fisi.org\/friuli-venezia-giulia\/wp-json\/wp\/v2\/posts\/81620"}],"collection":[{"href":"https:\/\/comitati.fisi.org\/friuli-venezia-giulia\/wp-json\/wp\/v2\/posts"}],"about":[{"href":"https:\/\/comitati.fisi.org\/friuli-venezia-giulia\/wp-json\/wp\/v2\/types\/post"}],"author":[{"embeddable":true,"href":"https:\/\/comitati.fisi.org\/friuli-venezia-giulia\/wp-json\/wp\/v2\/users\/4"}],"replies":[{"embeddable":true,"href":"https:\/\/comitati.fisi.org\/friuli-venezia-giulia\/wp-json\/wp\/v2\/comments?post=81620"}],"version-history":[{"count":0,"href":"https:\/\/comitati.fisi.org\/friuli-venezia-giulia\/wp-json\/wp\/v2\/posts\/81620\/revisions"}],"wp:featuredmedia":[{"embeddable":true,"href":"https:\/\/comitati.fisi.org\/friuli-venezia-giulia\/wp-json\/wp\/v2\/media\/81603"}],"wp:attachment":[{"href":"https:\/\/comitati.fisi.org\/friuli-venezia-giulia\/wp-json\/wp\/v2\/media?parent=81620"}],"wp:term":[{"taxonomy":"category","embeddable":true,"href":"https:\/\/comitati.fisi.org\/friuli-venezia-giulia\/wp-json\/wp\/v2\/categories?post=81620"},{"taxonomy":"post_tag","embeddable":true,"href":"https:\/\/comitati.fisi.org\/friuli-venezia-giulia\/wp-json\/wp\/v2\/tags?post=81620"}],"curies":[{"name":"wp","href":"https:\/\/api.w.org\/{rel}","templated":true}]}}