{"id":81615,"date":"2021-10-31T16:31:49","date_gmt":"2021-10-31T15:31:49","guid":{"rendered":"https:\/\/www.fisifvg.org\/?p=81615"},"modified":"2021-10-31T16:31:49","modified_gmt":"2021-10-31T15:31:49","slug":"anche-pittin-al-passaggio-di-consegne-fra-gli-atleti-olimpici-delle-fiamme-gialle","status":"publish","type":"post","link":"https:\/\/comitati.fisi.org\/friuli-venezia-giulia\/blog\/2021\/10\/31\/anche-pittin-al-passaggio-di-consegne-fra-gli-atleti-olimpici-delle-fiamme-gialle\/","title":{"rendered":"Anche Pittin al passaggio di consegne fra gli atleti olimpici delle Fiamme Gialle"},"content":{"rendered":"<p>Si \u00e8 tenuto oggi a ModenaFiere, nell\u2019ambito di \u201cSkipass\u201d, il salone del turismo e degli sport invernali, un incontro fra gli atleti delle Fiamme Gialle medagliati alle recenti Olimpiadi estive di Tokyo e i loro colleghi degli sport invernali che si accingono ad iniziare la loro stagione agonistica che culminer\u00e0, nel prossimo mese di febbraio, con i Giochi Olimpici e Paralimpici di Pechino 2022.<\/p>\n<p>L\u2019evento, ospitato presso lo stand del Trentino, territorio con il quale le Fiamme Gialle sono da sempre fortemente legate, ha rappresentato un simbolico passaggio di consegne fra campioni dello stesso Sodalizio, accumunati dal desiderio di rappresentare al meglio loro stessi e l\u2019Italia nella pi\u00f9 importante manifestazione sportiva al mondo: l\u2019Olimpiade.<\/p>\n<p>Presenti i protagonisti di Tokyo 2020 Fausto Desalu, Antonella Palmisano, Ruggero Tita, Daniele Garozzo, Luigi Samele, Enrico Berr\u00e8, Martina Caironi e Ambra Sabatini, che hanno dato il loro \u201cin bocca al lupo\u201d ai colleghi Sofia Goggia, Luca De Alpirandini, Manfred Moelgg, Stefano Gross, Giovanni Franzoni, Alex Vinatzer, Riccardo Tonetti, <strong>Alessandro Pittin,<\/strong> Lara Malsiner, Elia Barp e Giacomo Bertagnolli con due veri e propri passaggi di testimone, avvenuti fra l\u2019argento paralimpico dei 100 metri di Tokyo 2020, Martina Caironi, e il due volte campione di sci alpino paralimpico a PyeongChang 2018, Giacomo Bertagnolli, e fra il campione olimpico della 4\u00d7100 di atletica leggera a Tokyo, Fausto Desalu, e lo slalomista Manfred Moelgg, l\u2019autentico veterano dello sci targato Fiamme Gialle giunto quest\u2019anno alla sua 19^ stagione nel Circo Bianco.<\/p>\n<p>Il tutto sotto gli occhi dei tanti visitatori presenti in Fiera, che hanno assistito ad un altro momento fortemente simbolico: Antonella Palmisano e Ambra Sabatini hanno donato a nome di tutte le Fiamme Gialle un piccolo Tricolore rispettivamente a Sofia Goggia e a Giacomo Bertagnolli, prossimi Portabandiera Olimpici e Paralimpici dell\u2019Italia a Pechino 2022, per la prima volta appartenenti allo stesso club. Un segno tangibile che ricorda l\u2019attaccamento al nostro Paese di questi campioni, patrimonio sportivo non solo delle Fiamme Gialle ma dell\u2019Italia intera.<\/p>\n<p>Intervenuto all\u2019evento al fianco dei suoi atleti, il Comandante del Gruppo Polisportivo \u201cFiamme Gialle\u201d, Gen.B. Vincenzo Parrinello, ha dichiarato: \u201dPer la prima volta dopo tanti anni le due Olimpiadi, estiva ed invernale, sono separate solo da pochi mesi, e questo \u00e8 un motivo in pi\u00f9 per sperare che lo straordinario vento in poppa che ha spinto gli atleti azzurri a Tokyo non cessi di soffiare fino a Pechino. Per la Guardia di Finanza avere tra le proprie fila atleti come questi \u00e8 motivo di grande orgoglio, non solo per i risultati sportivi, e la doppia investitura al ruolo di Portabandiera di Sofia e Giacomo ne \u00e8 testimonianza concreta. Spesso \u00e8 proprio il loro comportamento, la loro resilienza, la loro umilt\u00e0, ad ispirarci nella vita di tutti i giorni. Il Generale Parrinello ha altres\u00ec espresso un messaggio di profonda gratitudine nei confronti di tutti i suoi atleti \u201cper avermi insegnato, con il loro esempio, ad inseguire obbiettivi e sogni con determinazione ed onest\u00e0, mettendo, ancor prima del risultato agonistico, la trasparenza ed il rispetto delle regole\u201d.<\/p>\n<p>All\u2019incontro di oggi hanno preso parte numerose Autorit\u00e0, fra le quali l\u2019Amministratore Delegato di Trentino Marketing, Maurizio Rossini, il Presidente del CONI trentino, Paola Mora, Simona Cassar\u00e0, Membro del Consiglio di Amministrazione di Sport e Salute. Presente anche il Presidente della Federazione Italiana Sport Invernali, Flavio Roda, il quale si \u00e8 complimentato con i campioni di Tokyo 2020 per gli straordinari risultati e si \u00e8 detto sicuro che il loro esempio sar\u00e0 di forte stimolo per i loro colleghi degli sport invernali, che stanno lavorando con grande impegno e che si accingono ad affrontare una stagione molto impegnativa che culminer\u00e0 con i Giochi di Pechino.<\/p>\n<p><em><strong>(nella foto Pittin \u00e8 il terzo in prima fila da sinistra)<\/strong><\/em><\/p>\n<p>&nbsp;<\/p>\n","protected":false},"excerpt":{"rendered":"<p>Si \u00e8 tenuto a \u201cSkipass\u201d un incontro fra i medagliati alle recenti Olimpiadi estive di Tokyo e i loro colleghi degli sport invernali<\/p>\n","protected":false},"author":4,"featured_media":81616,"comment_status":"closed","ping_status":"closed","sticky":false,"template":"","format":"standard","meta":{"_acf_changed":false,"footnotes":""},"categories":[10,17],"tags":[],"acf":[],"_links":{"self":[{"href":"https:\/\/comitati.fisi.org\/friuli-venezia-giulia\/wp-json\/wp\/v2\/posts\/81615"}],"collection":[{"href":"https:\/\/comitati.fisi.org\/friuli-venezia-giulia\/wp-json\/wp\/v2\/posts"}],"about":[{"href":"https:\/\/comitati.fisi.org\/friuli-venezia-giulia\/wp-json\/wp\/v2\/types\/post"}],"author":[{"embeddable":true,"href":"https:\/\/comitati.fisi.org\/friuli-venezia-giulia\/wp-json\/wp\/v2\/users\/4"}],"replies":[{"embeddable":true,"href":"https:\/\/comitati.fisi.org\/friuli-venezia-giulia\/wp-json\/wp\/v2\/comments?post=81615"}],"version-history":[{"count":0,"href":"https:\/\/comitati.fisi.org\/friuli-venezia-giulia\/wp-json\/wp\/v2\/posts\/81615\/revisions"}],"wp:featuredmedia":[{"embeddable":true,"href":"https:\/\/comitati.fisi.org\/friuli-venezia-giulia\/wp-json\/wp\/v2\/media\/81616"}],"wp:attachment":[{"href":"https:\/\/comitati.fisi.org\/friuli-venezia-giulia\/wp-json\/wp\/v2\/media?parent=81615"}],"wp:term":[{"taxonomy":"category","embeddable":true,"href":"https:\/\/comitati.fisi.org\/friuli-venezia-giulia\/wp-json\/wp\/v2\/categories?post=81615"},{"taxonomy":"post_tag","embeddable":true,"href":"https:\/\/comitati.fisi.org\/friuli-venezia-giulia\/wp-json\/wp\/v2\/tags?post=81615"}],"curies":[{"name":"wp","href":"https:\/\/api.w.org\/{rel}","templated":true}]}}