{"id":81605,"date":"2021-10-31T16:26:08","date_gmt":"2021-10-31T15:26:08","guid":{"rendered":"https:\/\/www.fisifvg.org\/?p=81605"},"modified":"2021-10-31T16:26:08","modified_gmt":"2021-10-31T15:26:08","slug":"lo-sci-club-monte-dauda-rinnova-le-cariche-e-presenta-la-stagione-21-22","status":"publish","type":"post","link":"https:\/\/comitati.fisi.org\/friuli-venezia-giulia\/blog\/2021\/10\/31\/lo-sci-club-monte-dauda-rinnova-le-cariche-e-presenta-la-stagione-21-22\/","title":{"rendered":"Lo Sci Club Monte Dauda rinnova le cariche e presenta la stagione 21\/22"},"content":{"rendered":"<p><em><strong>Riceviamo dallo Sci Club Monte Dauda e volentieri pubblichiamo.<\/strong><\/em><\/p>\n<p>Sabato 30 ottobre Palazzo Savoia di Arta Terme ha ospitato l&#8217;assemblea dello sci club Monte Dauda, che prevedeva anche il rinnovo della cariche.<br \/>\nQuesto quindi il consiglio: presidente Enrico Cavalieri, vicepresidente Manuel Mentil, consiglieri Carlo Di Lena, Luigi Nardella, Walter Tomat, Sabina Vittorio e Gianpaolo Slobez, segretaria Veronica Michienzi.<\/p>\n<p><a href=\"http:\/\/comitati.fisi.org\/friuli-venezia-giulia\/wp-content\/uploads\/sites\/34\/2021\/10\/CLUB-21-22-Sci-Club-Monte-Dauda.jpeg\"><img loading=\"lazy\" decoding=\"async\" class=\"alignright wp-image-81609\" src=\"http:\/\/comitati.fisi.org\/friuli-venezia-giulia\/wp-content\/uploads\/sites\/34\/2021\/10\/CLUB-21-22-Sci-Club-Monte-Dauda-400x400.jpeg\" alt=\"\" width=\"500\" height=\"256\" \/><\/a>Nell&#8217;occasione sono stati presentati tutti i programmi delle varie categorie dello sci alpino (principianti, baby, cuccioli, ragazzi, allievi, giovani master), oltre che di freestyle e snowboard, relativi alla stagione 2021\/22.<br \/>\nNovit\u00e0 di quest&#8217;anno, lo sci club adottera un App funzionale per la gestione di tutte le attivit\u00e0 per le comunicazioni allenatori\/direttivo\/atleti\/genitori e per la pianificazione di allenamenti e obiettivi.<\/p>\n<p>Il club di Zuglio, reduce dal successo organizzativo dei Campionati Italiani Children di sci alpino, si impegna a dare la possibilit\u00e0 a tutti i ragazzi provenienti dalle vallate della Carnia (e non solo) dai 4 ai 18 anni, oltre che ai master, di cimentarsi nella pratica dello sci alpino, del freestyle e dello snowboard.<\/p>\n<p>Attivo da pi\u00f9 di 50 anni, grazie all&#8217;impegno di molti volontari e aziende che sostengono le varie attivit\u00e0, il Dauda vuole offrire un servizio finalizzato a far vivere la montagna invernale in ci\u00f2 che offre.<\/p>\n<p>Lo sci club \u00e8 attivo anche nei periodi non invernali con attivit\u00e0 di preparazione presciistica, atletica, escursioni in montagna e bici.<\/p>\n<p>Per tutte le informazioni contattare il 334 6755309.<\/p>\n","protected":false},"excerpt":{"rendered":"<p>L&#8217;assemblea si \u00e8 svolta a Palazzo Savoia di Arta Terme<\/p>\n","protected":false},"author":4,"featured_media":81612,"comment_status":"closed","ping_status":"closed","sticky":false,"template":"","format":"standard","meta":{"_acf_changed":false,"footnotes":""},"categories":[10,17],"tags":[],"acf":[],"_links":{"self":[{"href":"https:\/\/comitati.fisi.org\/friuli-venezia-giulia\/wp-json\/wp\/v2\/posts\/81605"}],"collection":[{"href":"https:\/\/comitati.fisi.org\/friuli-venezia-giulia\/wp-json\/wp\/v2\/posts"}],"about":[{"href":"https:\/\/comitati.fisi.org\/friuli-venezia-giulia\/wp-json\/wp\/v2\/types\/post"}],"author":[{"embeddable":true,"href":"https:\/\/comitati.fisi.org\/friuli-venezia-giulia\/wp-json\/wp\/v2\/users\/4"}],"replies":[{"embeddable":true,"href":"https:\/\/comitati.fisi.org\/friuli-venezia-giulia\/wp-json\/wp\/v2\/comments?post=81605"}],"version-history":[{"count":0,"href":"https:\/\/comitati.fisi.org\/friuli-venezia-giulia\/wp-json\/wp\/v2\/posts\/81605\/revisions"}],"wp:featuredmedia":[{"embeddable":true,"href":"https:\/\/comitati.fisi.org\/friuli-venezia-giulia\/wp-json\/wp\/v2\/media\/81612"}],"wp:attachment":[{"href":"https:\/\/comitati.fisi.org\/friuli-venezia-giulia\/wp-json\/wp\/v2\/media?parent=81605"}],"wp:term":[{"taxonomy":"category","embeddable":true,"href":"https:\/\/comitati.fisi.org\/friuli-venezia-giulia\/wp-json\/wp\/v2\/categories?post=81605"},{"taxonomy":"post_tag","embeddable":true,"href":"https:\/\/comitati.fisi.org\/friuli-venezia-giulia\/wp-json\/wp\/v2\/tags?post=81605"}],"curies":[{"name":"wp","href":"https:\/\/api.w.org\/{rel}","templated":true}]}}