{"id":81251,"date":"2021-10-13T15:55:16","date_gmt":"2021-10-13T13:55:16","guid":{"rendered":"https:\/\/www.fisifvg.org\/?p=81251"},"modified":"2021-10-13T15:55:16","modified_gmt":"2021-10-13T13:55:16","slug":"eyof-2023-visita-in-fvg-della-commissione-di-controllo-del-coe","status":"publish","type":"post","link":"https:\/\/comitati.fisi.org\/friuli-venezia-giulia\/blog\/2021\/10\/13\/eyof-2023-visita-in-fvg-della-commissione-di-controllo-del-coe\/","title":{"rendered":"Eyof 2023, visita in FVG della commissione di controllo del COE"},"content":{"rendered":"<p align=\"JUSTIFY\">Visita in regione della commissione controllo del COE (Associazione Comitati Olimpici Europei). Una due giorni di tour iniziato nel quartier generale di EYOF 2023 ad Amaro per poi raggiungere Forni Avoltri, Sappada, Pontebba, Tarvisio e Planica in Slovenia.<\/p>\n<p align=\"JUSTIFY\">E&#8217; stata una prima visita ispettiva di alcune localit\u00e0 ospitanti le competizioni che si svolgeranno in occasione del Festival olimpico della giovent\u00f9 europea \u2013 edizione invernale &#8211; che vedr\u00e0 la partecipazione di quasi 2300 atleti dai 14 ai 18 anni in rappresentanza di 50 nazioni. Tredici saranno le discipline sportive e otto i giorni di durata dell&#8217;evento. Dal 21 al 28 gennaio 2023 tutto il Friuli Venezia Giulia sar\u00e0 coinvolto, con 11 poli sciistici e sedi ufficiali di gare e competizioni.<\/p>\n<div id=\"attachment_81253\" style=\"width: 510px\" class=\"wp-caption alignleft\"><a href=\"http:\/\/comitati.fisi.org\/friuli-venezia-giulia\/wp-content\/uploads\/sites\/34\/2021\/10\/e9411a0f-4bc2-cbe6-d052-26293539146a.jpg\"><img loading=\"lazy\" decoding=\"async\" aria-describedby=\"caption-attachment-81253\" class=\"wp-image-81253\" src=\"http:\/\/comitati.fisi.org\/friuli-venezia-giulia\/wp-content\/uploads\/sites\/34\/2021\/10\/e9411a0f-4bc2-cbe6-d052-26293539146a-400x400.jpg\" alt=\"\" width=\"500\" height=\"375\" \/><\/a><p id=\"caption-attachment-81253\" class=\"wp-caption-text\">In visita ai trampolini di Planica<\/p><\/div>\n<p align=\"JUSTIFY\">La commissione di controllo del COE, formata dallo sloveno Borut Kolaric (Chair 2023 Winter Eyof CoCom), dallo slovacco Peter Brull (Sports Director), dal georgiano Mamuka Khabareli (Member 2023 Winter Eyof CoCom) e dagli italiani Francesco Paolo Basili (Sport Events) e Donatella Del Gaudio (Communications &amp; Media), \u00e8 stata accolta nel quartier generale del Comitato Esecutivo Eyof 2023 dal presidente Maurizio Dunnhofer e dai responsabili di settore.<br \/>\nDopo la presentazione del report legato all&#8217;evento, da parte del direttore generale Eyof 2023 Giorgio Kaidisch, la delegazione si \u00e8 spostata a Forni Avoltri per la visita al centro biathlon <em>\u201cCarnia Arena\u201d<\/em> e a Sappada per la pista di fondo. Marted\u00ec 12 ottobre il gruppo si \u00e8 spostato nel Tarvisiano, fermandosi prima a Pontebba per un controllo dell&#8217;Arena del ghiaccio <em>\u201cClaudio Vuerich\u201d<\/em> che sar\u00e0 sede dello short track e del pattinaggio, per poi raggiungere il capoluogo della Valcanale per l&#8217;ispezione della pista <em>\u201cDi Prampero\u201d,<\/em> dove si terranno le competizioni dello sci alpino, e l&#8217;Arena\u00a0<em>\u201cGabriella Paruzzi\u201d, <\/em>che ospiter\u00e0 le prove di fondo della combinata nordica (il salto si terr\u00e0 a Planica, in Slovenia).<br \/>\nIl tour \u00e8 terminato all&#8217;<em>International Nordic Center<\/em>\u00a0di Planica in Slovenia, sede delle competizioni di salto con gli sci. In questa occasione \u00e8 stato rimarcato che il Festival della Giovent\u00f9 Europea 2023 avr\u00e0 una forte anima transfrontaliera grazie proprio al coinvolgimento di alcune localit\u00e0 dei paesi vicini di Austria e Slovena.<\/p>\n<p align=\"JUSTIFY\">Oltre agli impianti sportivi, i rappresentanti della commissione di controllo del COE hanno avuto anche la possibilit\u00e0 di visionare, in tutte le sedi ispezionate, alcune strutture ricettive ed hotels che ospiteranno atleti, tecnici, delegazioni, giornalisti, addetti ai lavori e accompagnatori in occasione di Eyof 2023.<\/p>\n<p align=\"JUSTIFY\">Come tradizione della regione, la delegazione dell&#8217;organismo internazionale che riunisce i comitati olimpici nazionali d&#8217;Europa riconosciuti dal CIO, \u00e8 stata accolta con il calore e l&#8217;ospitalit\u00e0 tipiche di queste terre, gustando anche i sapori e le bont\u00e0 dei prodotti eno-gastronomici made in FVG.<\/p>\n<p align=\"JUSTIFY\">Va ricordato che, in occasione di Eyof 2023, grazie al supporto della Regione Friuli Venezia Giulia, ci sar\u00e0 una riqualificazione e ammodernamento degli impianti sportivi che ospiteranno le gare, ponendo attenzione alla sostenibilit\u00e0 ambientale e all&#8217;utilizzo di queste strutture anche negli anni futuri.<\/p>\n","protected":false},"excerpt":{"rendered":"<p>I membri dell&#8217;Associazione Comitati Olimpici Europei hanno visitato il quartier generale di Amaro per poi raggiungere Forni Avoltri, Sappada, Pontebba, Tarvisio e Planica<\/p>\n","protected":false},"author":4,"featured_media":81252,"comment_status":"closed","ping_status":"closed","sticky":false,"template":"","format":"standard","meta":{"_acf_changed":false,"footnotes":""},"categories":[24,10,17],"tags":[],"acf":[],"_links":{"self":[{"href":"https:\/\/comitati.fisi.org\/friuli-venezia-giulia\/wp-json\/wp\/v2\/posts\/81251"}],"collection":[{"href":"https:\/\/comitati.fisi.org\/friuli-venezia-giulia\/wp-json\/wp\/v2\/posts"}],"about":[{"href":"https:\/\/comitati.fisi.org\/friuli-venezia-giulia\/wp-json\/wp\/v2\/types\/post"}],"author":[{"embeddable":true,"href":"https:\/\/comitati.fisi.org\/friuli-venezia-giulia\/wp-json\/wp\/v2\/users\/4"}],"replies":[{"embeddable":true,"href":"https:\/\/comitati.fisi.org\/friuli-venezia-giulia\/wp-json\/wp\/v2\/comments?post=81251"}],"version-history":[{"count":0,"href":"https:\/\/comitati.fisi.org\/friuli-venezia-giulia\/wp-json\/wp\/v2\/posts\/81251\/revisions"}],"wp:featuredmedia":[{"embeddable":true,"href":"https:\/\/comitati.fisi.org\/friuli-venezia-giulia\/wp-json\/wp\/v2\/media\/81252"}],"wp:attachment":[{"href":"https:\/\/comitati.fisi.org\/friuli-venezia-giulia\/wp-json\/wp\/v2\/media?parent=81251"}],"wp:term":[{"taxonomy":"category","embeddable":true,"href":"https:\/\/comitati.fisi.org\/friuli-venezia-giulia\/wp-json\/wp\/v2\/categories?post=81251"},{"taxonomy":"post_tag","embeddable":true,"href":"https:\/\/comitati.fisi.org\/friuli-venezia-giulia\/wp-json\/wp\/v2\/tags?post=81251"}],"curies":[{"name":"wp","href":"https:\/\/api.w.org\/{rel}","templated":true}]}}