{"id":81159,"date":"2021-10-04T16:33:54","date_gmt":"2021-10-04T14:33:54","guid":{"rendered":"https:\/\/www.fisifvg.org\/?p=81159"},"modified":"2021-10-04T16:33:54","modified_gmt":"2021-10-04T14:33:54","slug":"quattro-giorni-di-lavoro-a-piani-di-luzza-per-le-squadre-fvg-di-fondo","status":"publish","type":"post","link":"https:\/\/comitati.fisi.org\/friuli-venezia-giulia\/blog\/2021\/10\/04\/quattro-giorni-di-lavoro-a-piani-di-luzza-per-le-squadre-fvg-di-fondo\/","title":{"rendered":"Quattro giorni di lavoro a Piani di Luzza per le squadre FVG di fondo"},"content":{"rendered":"<p>Si svolger\u00e0 dal 7 al 10 ottobre, presso la Carnia Arena di Forni Avoltri, il prossimo raduno collegiale del fondo FVG.<\/p>\n<p>Sono convocati i componenti <a href=\"https:\/\/www.fisifvg.org\/squadra-sci-fondo\/\">la squadra di Comitato e la squadra EYOF 2023<\/a>.<br \/>\nPossono inoltre partecipare gli atleti appartenenti alle categorie U16, U18 e U20 praticanti la disciplina dello sci di fondo.<\/p>\n<p>Gli atleti saranno coordinati dallo staff tecnico del Comitato e dagli allenatori di societ\u00e0.<\/p>\n<p>Il raduno si svolger\u00e0 gioved\u00ec in orario 15.00 &#8211; 17.30, venerd\u00ec 9 &#8211; 11.30 e 15 \u2013 17, sabato 9 &#8211; 11.30 e 15 \u2013 17 (test di spinte), domenica 9 &#8211; 12.<\/p>\n","protected":false},"excerpt":{"rendered":"<p>Gli atleti saranno coordinati dallo staff tecnico del Comitato e dagli allenatori di societ\u00e0<\/p>\n","protected":false},"author":4,"featured_media":60564,"comment_status":"closed","ping_status":"closed","sticky":false,"template":"","format":"standard","meta":{"_acf_changed":false,"footnotes":""},"categories":[10,11],"tags":[],"acf":[],"_links":{"self":[{"href":"https:\/\/comitati.fisi.org\/friuli-venezia-giulia\/wp-json\/wp\/v2\/posts\/81159"}],"collection":[{"href":"https:\/\/comitati.fisi.org\/friuli-venezia-giulia\/wp-json\/wp\/v2\/posts"}],"about":[{"href":"https:\/\/comitati.fisi.org\/friuli-venezia-giulia\/wp-json\/wp\/v2\/types\/post"}],"author":[{"embeddable":true,"href":"https:\/\/comitati.fisi.org\/friuli-venezia-giulia\/wp-json\/wp\/v2\/users\/4"}],"replies":[{"embeddable":true,"href":"https:\/\/comitati.fisi.org\/friuli-venezia-giulia\/wp-json\/wp\/v2\/comments?post=81159"}],"version-history":[{"count":0,"href":"https:\/\/comitati.fisi.org\/friuli-venezia-giulia\/wp-json\/wp\/v2\/posts\/81159\/revisions"}],"wp:featuredmedia":[{"embeddable":true,"href":"https:\/\/comitati.fisi.org\/friuli-venezia-giulia\/wp-json\/wp\/v2\/media\/60564"}],"wp:attachment":[{"href":"https:\/\/comitati.fisi.org\/friuli-venezia-giulia\/wp-json\/wp\/v2\/media?parent=81159"}],"wp:term":[{"taxonomy":"category","embeddable":true,"href":"https:\/\/comitati.fisi.org\/friuli-venezia-giulia\/wp-json\/wp\/v2\/categories?post=81159"},{"taxonomy":"post_tag","embeddable":true,"href":"https:\/\/comitati.fisi.org\/friuli-venezia-giulia\/wp-json\/wp\/v2\/tags?post=81159"}],"curies":[{"name":"wp","href":"https:\/\/api.w.org\/{rel}","templated":true}]}}