{"id":81004,"date":"2021-09-23T13:59:48","date_gmt":"2021-09-23T11:59:48","guid":{"rendered":"https:\/\/www.fisifvg.org\/?p=81004"},"modified":"2021-09-23T13:59:48","modified_gmt":"2021-09-23T11:59:48","slug":"raduno-in-russia-per-i-bobbisti-andreutti-vicenzino-e-variola","status":"publish","type":"post","link":"https:\/\/comitati.fisi.org\/friuli-venezia-giulia\/blog\/2021\/09\/23\/raduno-in-russia-per-i-bobbisti-andreutti-vicenzino-e-variola\/","title":{"rendered":"Raduno in Russia per i bobbisti Andreutti, Vicenzino e Variola"},"content":{"rendered":"<p>Il direttore sportivo Maurizio Oioli ha scelto Sochi, in Russia, come sede per una serie di allenamenti della durata di una settimana, da venerd\u00ec 24 a gioved\u00ec 30 settembre, delle squadre di Coppa del mondo e Coppa Europa di bob. Convocati per il raduno gli atleti Patrick Baumgartner, Enrico Ghilardini,<strong> Mattia Variola<\/strong>, Robert Gino Mircea, <strong>Tania Vincenzino, Giada Andreutti<\/strong> ed Elan Scarpellini il cui lavoro sar\u00e0 supervisionato dai tecnici FISI Simone Bertazzo e Manuel Machata.<br \/>\nRaduno che sar\u00e0 il preludio della sessione di allenamenti, obbligatoria da regolamento per testare il tracciato, che si terr\u00e0 in terra cinese sulla pista olimpica di YanQing, nel periodo compreso tra marted\u00ec 5 a domenica 24 ottobre.<\/p>\n","protected":false},"excerpt":{"rendered":"<p>Il direttore sportivo azzurro Maurizio Oioli ha scelto Sochi come sede per una serie di allenamenti della durata di una settimana<\/p>\n","protected":false},"author":4,"featured_media":67731,"comment_status":"closed","ping_status":"closed","sticky":false,"template":"","format":"standard","meta":{"_acf_changed":false,"footnotes":""},"categories":[16,17],"tags":[],"acf":[],"_links":{"self":[{"href":"https:\/\/comitati.fisi.org\/friuli-venezia-giulia\/wp-json\/wp\/v2\/posts\/81004"}],"collection":[{"href":"https:\/\/comitati.fisi.org\/friuli-venezia-giulia\/wp-json\/wp\/v2\/posts"}],"about":[{"href":"https:\/\/comitati.fisi.org\/friuli-venezia-giulia\/wp-json\/wp\/v2\/types\/post"}],"author":[{"embeddable":true,"href":"https:\/\/comitati.fisi.org\/friuli-venezia-giulia\/wp-json\/wp\/v2\/users\/4"}],"replies":[{"embeddable":true,"href":"https:\/\/comitati.fisi.org\/friuli-venezia-giulia\/wp-json\/wp\/v2\/comments?post=81004"}],"version-history":[{"count":0,"href":"https:\/\/comitati.fisi.org\/friuli-venezia-giulia\/wp-json\/wp\/v2\/posts\/81004\/revisions"}],"wp:featuredmedia":[{"embeddable":true,"href":"https:\/\/comitati.fisi.org\/friuli-venezia-giulia\/wp-json\/wp\/v2\/media\/67731"}],"wp:attachment":[{"href":"https:\/\/comitati.fisi.org\/friuli-venezia-giulia\/wp-json\/wp\/v2\/media?parent=81004"}],"wp:term":[{"taxonomy":"category","embeddable":true,"href":"https:\/\/comitati.fisi.org\/friuli-venezia-giulia\/wp-json\/wp\/v2\/categories?post=81004"},{"taxonomy":"post_tag","embeddable":true,"href":"https:\/\/comitati.fisi.org\/friuli-venezia-giulia\/wp-json\/wp\/v2\/tags?post=81004"}],"curies":[{"name":"wp","href":"https:\/\/api.w.org\/{rel}","templated":true}]}}