{"id":80997,"date":"2021-09-22T12:03:58","date_gmt":"2021-09-22T10:03:58","guid":{"rendered":"https:\/\/www.fisifvg.org\/?p=80997"},"modified":"2021-09-22T12:03:58","modified_gmt":"2021-09-22T10:03:58","slug":"due-settimane-di-raduno-al-passo-di-lavaze-per-vittozzi-e-cappellari","status":"publish","type":"post","link":"https:\/\/comitati.fisi.org\/friuli-venezia-giulia\/blog\/2021\/09\/22\/due-settimane-di-raduno-al-passo-di-lavaze-per-vittozzi-e-cappellari\/","title":{"rendered":"Due settimane di raduno al Passo di Lavaz\u00e8 per Vittozzi e Cappellari"},"content":{"rendered":"<p>Si svolger\u00e0 al Passo di Lavaz\u00e8 un raduno della squadra nazionale\u201cA\u201d di biathlon, voluto dal direttore tecnico Fabrizio Curtaz, nei giorni compresi da gioved\u00ec 23 settembre a gioved\u00ec 7 ottobre.<\/p>\n<p>Dorothea Wierer, Michela Carrara, Rebecca Passler, <strong>Lisa Vittozzi,<\/strong> Didier Bionaz, Thomas Bormolini, Patrick Braunhofer,<strong> Daniele Cappellari,<\/strong> Tommaso Giacomel, Lukas Hofer e Dominik Windisch saranno seguiti dai tecnici Andreas Zingerle, Andrea Zattoni, Klaus Hoellrigl e <strong>Mirco Romanin<\/strong>.<\/p>\n<p><em><strong>(nella foto Lisa Vittozzi)<\/strong><\/em><\/p>\n","protected":false},"excerpt":{"rendered":"<p>Con loro anche l&#8217;allenatore Mirco Romanin<\/p>\n","protected":false},"author":4,"featured_media":79344,"comment_status":"closed","ping_status":"closed","sticky":false,"template":"","format":"standard","meta":{"_acf_changed":false,"footnotes":""},"categories":[13],"tags":[],"acf":[],"_links":{"self":[{"href":"https:\/\/comitati.fisi.org\/friuli-venezia-giulia\/wp-json\/wp\/v2\/posts\/80997"}],"collection":[{"href":"https:\/\/comitati.fisi.org\/friuli-venezia-giulia\/wp-json\/wp\/v2\/posts"}],"about":[{"href":"https:\/\/comitati.fisi.org\/friuli-venezia-giulia\/wp-json\/wp\/v2\/types\/post"}],"author":[{"embeddable":true,"href":"https:\/\/comitati.fisi.org\/friuli-venezia-giulia\/wp-json\/wp\/v2\/users\/4"}],"replies":[{"embeddable":true,"href":"https:\/\/comitati.fisi.org\/friuli-venezia-giulia\/wp-json\/wp\/v2\/comments?post=80997"}],"version-history":[{"count":0,"href":"https:\/\/comitati.fisi.org\/friuli-venezia-giulia\/wp-json\/wp\/v2\/posts\/80997\/revisions"}],"wp:featuredmedia":[{"embeddable":true,"href":"https:\/\/comitati.fisi.org\/friuli-venezia-giulia\/wp-json\/wp\/v2\/media\/79344"}],"wp:attachment":[{"href":"https:\/\/comitati.fisi.org\/friuli-venezia-giulia\/wp-json\/wp\/v2\/media?parent=80997"}],"wp:term":[{"taxonomy":"category","embeddable":true,"href":"https:\/\/comitati.fisi.org\/friuli-venezia-giulia\/wp-json\/wp\/v2\/categories?post=80997"},{"taxonomy":"post_tag","embeddable":true,"href":"https:\/\/comitati.fisi.org\/friuli-venezia-giulia\/wp-json\/wp\/v2\/tags?post=80997"}],"curies":[{"name":"wp","href":"https:\/\/api.w.org\/{rel}","templated":true}]}}