{"id":80912,"date":"2021-09-19T12:36:58","date_gmt":"2021-09-19T10:36:58","guid":{"rendered":"https:\/\/www.fisifvg.org\/?p=80912"},"modified":"2021-09-19T12:36:58","modified_gmt":"2021-09-19T10:36:58","slug":"i-mondiali-skiroll-si-chiudono-con-gismondi-settima-gaudenzio-e-galassi-ottavi","status":"publish","type":"post","link":"https:\/\/comitati.fisi.org\/friuli-venezia-giulia\/blog\/2021\/09\/19\/i-mondiali-skiroll-si-chiudono-con-gismondi-settima-gaudenzio-e-galassi-ottavi\/","title":{"rendered":"I Mondiali di skiroll si chiudono con Gismondi settima, Gaudenzio e Galassi ottavi"},"content":{"rendered":"<p>Nel giorno della doppietta Juniores Elia Barp-Aksel Artusi, <strong>Marco Gaudenzio del Bachmann<\/strong> completa la splendida giornata azzurra ai Mondiali di skiroll della Val di Fiemme (Matteo Tanel, bronzo sul Cermis nella gara dominata dal russo Chervotkin vince la Coppa del Mondo assoluta; bravo <strong>Michael Galassi,<\/strong> ottavo) conquistando l&#8217;ottavo posto a 2&#8217;20&#8221; dal bellunese medaglia d&#8217;oro nella 13 km mass start.<\/p>\n<p>Brava anche <strong>Maria Gismondi<\/strong>, anch&#8217;essa come Gaudenzio esponente della squadra FISI FVG, settima e migliore delle italiane nella prova Juniores femminile. &#8220;La gara \u00e8 stata abbastanza dura e io non ne avevo, ero stanchissima &#8211; racconta Maria -. Ad un certo punto sono caduta perch\u00e9 si sono rotte le ruote dello skiroll. Era bagnato per tutti, questo non ha condizionato troppo il percorso, \u00e8 stato pi\u00f9 un fattore mentale. Ma non \u00e8 stato cos\u00ec male, quando siamo partiti ha smesso di piovere, ci siamo bagnati tanto solo nel riscaldamento&#8221;.<\/p>\n<p><a href=\"https:\/\/www.fis-ski.com\/DB\/general\/event-details.html?sectorcode=CC&amp;eventid=49264&amp;seasoncode=2022\">CLASSIFICHE<\/a><\/p>\n<p><em><strong>(nella foto Newspower, Maria Gismondi)<\/strong><\/em><\/p>\n<p>&nbsp;<\/p>\n","protected":false},"excerpt":{"rendered":"<p>Sul Cermis una grande giornata per il movimento azzurro<\/p>\n","protected":false},"author":4,"featured_media":80879,"comment_status":"closed","ping_status":"closed","sticky":false,"template":"","format":"standard","meta":{"_acf_changed":false,"footnotes":""},"categories":[10,11,23],"tags":[],"acf":[],"_links":{"self":[{"href":"https:\/\/comitati.fisi.org\/friuli-venezia-giulia\/wp-json\/wp\/v2\/posts\/80912"}],"collection":[{"href":"https:\/\/comitati.fisi.org\/friuli-venezia-giulia\/wp-json\/wp\/v2\/posts"}],"about":[{"href":"https:\/\/comitati.fisi.org\/friuli-venezia-giulia\/wp-json\/wp\/v2\/types\/post"}],"author":[{"embeddable":true,"href":"https:\/\/comitati.fisi.org\/friuli-venezia-giulia\/wp-json\/wp\/v2\/users\/4"}],"replies":[{"embeddable":true,"href":"https:\/\/comitati.fisi.org\/friuli-venezia-giulia\/wp-json\/wp\/v2\/comments?post=80912"}],"version-history":[{"count":0,"href":"https:\/\/comitati.fisi.org\/friuli-venezia-giulia\/wp-json\/wp\/v2\/posts\/80912\/revisions"}],"wp:featuredmedia":[{"embeddable":true,"href":"https:\/\/comitati.fisi.org\/friuli-venezia-giulia\/wp-json\/wp\/v2\/media\/80879"}],"wp:attachment":[{"href":"https:\/\/comitati.fisi.org\/friuli-venezia-giulia\/wp-json\/wp\/v2\/media?parent=80912"}],"wp:term":[{"taxonomy":"category","embeddable":true,"href":"https:\/\/comitati.fisi.org\/friuli-venezia-giulia\/wp-json\/wp\/v2\/categories?post=80912"},{"taxonomy":"post_tag","embeddable":true,"href":"https:\/\/comitati.fisi.org\/friuli-venezia-giulia\/wp-json\/wp\/v2\/tags?post=80912"}],"curies":[{"name":"wp","href":"https:\/\/api.w.org\/{rel}","templated":true}]}}