{"id":80906,"date":"2021-09-19T12:20:39","date_gmt":"2021-09-19T10:20:39","guid":{"rendered":"https:\/\/www.fisifvg.org\/?p=80906"},"modified":"2021-09-19T12:20:39","modified_gmt":"2021-09-19T10:20:39","slug":"ancora-bene-zanitzer-e-comazzi-nella-continental-cup-di-salto","status":"publish","type":"post","link":"https:\/\/comitati.fisi.org\/friuli-venezia-giulia\/blog\/2021\/09\/19\/ancora-bene-zanitzer-e-comazzi-nella-continental-cup-di-salto\/","title":{"rendered":"Ancora bene Zanitzer e Comazzi nella Continental Cup di salto"},"content":{"rendered":"<p>Ancora una bella prova per Martina Zanitzer (<em><strong>nella foto di copertina<\/strong><\/em>) nella Coppa Continentale di salto.<\/p>\n<p>La lussarina della squadra nazionale e FISI FVG \u00e8 giunta 18a sull&#8217;HS106 di Oslo, in Norvegia, secondo suo miglior risultato nella competizione, nella prova vinta dalla tedesca Althaus.<\/p>\n<div id=\"attachment_70971\" style=\"width: 310px\" class=\"wp-caption alignright\"><a href=\"http:\/\/comitati.fisi.org\/friuli-venezia-giulia\/wp-content\/uploads\/sites\/34\/2015\/09\/SALT0-2021-Camilla-Comazzi.jpeg\"><img loading=\"lazy\" decoding=\"async\" aria-describedby=\"caption-attachment-70971\" class=\"wp-image-70971 size-full\" src=\"http:\/\/comitati.fisi.org\/friuli-venezia-giulia\/wp-content\/uploads\/sites\/34\/2015\/09\/SALT0-2021-Camilla-Comazzi.jpeg\" alt=\"\" width=\"300\" height=\"300\" srcset=\"https:\/\/comitati.fisi.org\/friuli-venezia-giulia\/wp-content\/uploads\/sites\/34\/2015\/09\/SALT0-2021-Camilla-Comazzi.jpeg 300w, https:\/\/comitati.fisi.org\/friuli-venezia-giulia\/wp-content\/uploads\/sites\/34\/2015\/09\/SALT0-2021-Camilla-Comazzi-150x150.jpeg 150w\" sizes=\"(max-width: 300px) 100vw, 300px\" \/><\/a><p id=\"caption-attachment-70971\" class=\"wp-caption-text\">Camilla Comazzi<\/p><\/div>\n<p>Martina \u00e8 stata la terza pi\u00f9 giovane a qualificarsi per il salto di finale, mentre la pi\u00f9 giovane in assoluto \u00e8 la compagna di nazionale e di Comitato Camilla Comazzi del Bachmann, 25a. Per Camilla due prove a punti nel week-end d&#8217;esordio nel circuito continentale. La compagna di club Asia Marcato \u00e8 stata squalificata dopo il primo salto.<\/p>\n<p><a href=\"http:\/\/comitati.fisi.org\/friuli-venezia-giulia\/wp-content\/uploads\/sites\/34\/2021\/09\/CLASSIFICA-CONTINENTAL-CUP.pdf\">CLASSIFICA CONTINENTAL CUP<\/a><\/p>\n<p>Noelia Vuerich del Lussari \u00e8 giunta 30a nella FIS Cup di Villach, in Austria.<br \/>\nSul trampolino HS98 il successo \u00e8 andato all&#8217;altra azzurra Lara Malsiner.<\/p>\n<p><a href=\"http:\/\/comitati.fisi.org\/friuli-venezia-giulia\/wp-content\/uploads\/sites\/34\/2021\/09\/CLASSIFICA-FIS-CUP.pdf\">CLASSIFICA FIS CUP<\/a><\/p>\n<!--[if lt IE 9]><script>document.createElement('video');<\/script><![endif]-->\n\t<div class=\"wp-playlist wp-video-playlist wp-playlist-light\">\n\t\t<video controls=\"controls\" preload=\"none\" width=\"640\"\n\t\t height=\"352\"\t><\/video>\n\t<div class=\"wp-playlist-next\"><\/div>\n\t<div class=\"wp-playlist-prev\"><\/div>\n\t<noscript>\n\t<ol>\n\t\t<li><a href='https:\/\/comitati.fisi.org\/friuli-venezia-giulia\/wp-content\/uploads\/sites\/34\/2021\/09\/WhatsApp-Video-2021-09-19-at-13.50.15.mp4'>IL SECONDO SALTO DI MARTINA ZANITZER<\/a><\/li>\t<\/ol>\n\t<\/noscript>\n\t<script type=\"application\/json\" class=\"wp-playlist-script\">{\"type\":\"video\",\"tracklist\":true,\"tracknumbers\":true,\"images\":true,\"artists\":true,\"tracks\":[{\"src\":\"https:\\\/\\\/comitati.fisi.org\\\/friuli-venezia-giulia\\\/wp-content\\\/uploads\\\/sites\\\/34\\\/2021\\\/09\\\/WhatsApp-Video-2021-09-19-at-13.50.15.mp4\",\"type\":\"video\\\/mp4\",\"title\":\"IL SECONDO SALTO DI MARTINA ZANITZER\",\"caption\":\"IL SECONDO SALTO DI MARTINA ZANITZER\",\"description\":\"\",\"meta\":{\"length_formatted\":\"0:07\"},\"dimensions\":{\"original\":{\"width\":640,\"height\":352},\"resized\":{\"width\":640,\"height\":352}},\"image\":{\"src\":\"https:\\\/\\\/comitati.fisi.org\\\/friuli-venezia-giulia\\\/wp-includes\\\/images\\\/media\\\/video.svg\",\"width\":48,\"height\":64},\"thumb\":{\"src\":\"https:\\\/\\\/comitati.fisi.org\\\/friuli-venezia-giulia\\\/wp-includes\\\/images\\\/media\\\/video.svg\",\"width\":48,\"height\":64}}]}<\/script>\n<\/div>\n\t\n","protected":false},"excerpt":{"rendered":"<p>Sul trampolino di Oslo la lussarina \u00e8 18a, la bachmaniana 24a<\/p>\n","protected":false},"author":4,"featured_media":76672,"comment_status":"closed","ping_status":"closed","sticky":false,"template":"","format":"standard","meta":{"_acf_changed":false,"footnotes":""},"categories":[10,12],"tags":[],"acf":[],"_links":{"self":[{"href":"https:\/\/comitati.fisi.org\/friuli-venezia-giulia\/wp-json\/wp\/v2\/posts\/80906"}],"collection":[{"href":"https:\/\/comitati.fisi.org\/friuli-venezia-giulia\/wp-json\/wp\/v2\/posts"}],"about":[{"href":"https:\/\/comitati.fisi.org\/friuli-venezia-giulia\/wp-json\/wp\/v2\/types\/post"}],"author":[{"embeddable":true,"href":"https:\/\/comitati.fisi.org\/friuli-venezia-giulia\/wp-json\/wp\/v2\/users\/4"}],"replies":[{"embeddable":true,"href":"https:\/\/comitati.fisi.org\/friuli-venezia-giulia\/wp-json\/wp\/v2\/comments?post=80906"}],"version-history":[{"count":0,"href":"https:\/\/comitati.fisi.org\/friuli-venezia-giulia\/wp-json\/wp\/v2\/posts\/80906\/revisions"}],"wp:featuredmedia":[{"embeddable":true,"href":"https:\/\/comitati.fisi.org\/friuli-venezia-giulia\/wp-json\/wp\/v2\/media\/76672"}],"wp:attachment":[{"href":"https:\/\/comitati.fisi.org\/friuli-venezia-giulia\/wp-json\/wp\/v2\/media?parent=80906"}],"wp:term":[{"taxonomy":"category","embeddable":true,"href":"https:\/\/comitati.fisi.org\/friuli-venezia-giulia\/wp-json\/wp\/v2\/categories?post=80906"},{"taxonomy":"post_tag","embeddable":true,"href":"https:\/\/comitati.fisi.org\/friuli-venezia-giulia\/wp-json\/wp\/v2\/tags?post=80906"}],"curies":[{"name":"wp","href":"https:\/\/api.w.org\/{rel}","templated":true}]}}