{"id":80883,"date":"2021-09-18T14:18:04","date_gmt":"2021-09-18T12:18:04","guid":{"rendered":"https:\/\/www.fisifvg.org\/?p=80883"},"modified":"2021-09-18T14:18:04","modified_gmt":"2021-09-18T12:18:04","slug":"tutte-a-punti-le-3-fisi-fvg-nella-continental-cup-di-salto-a-oslo","status":"publish","type":"post","link":"https:\/\/comitati.fisi.org\/friuli-venezia-giulia\/blog\/2021\/09\/18\/tutte-a-punti-le-3-fisi-fvg-nella-continental-cup-di-salto-a-oslo\/","title":{"rendered":"Tutte a punti le 3 FISI FVG nella Continental Cup di salto a Oslo"},"content":{"rendered":"<p>Tutte a punti le tre ragazze della squadra nazionale e FISI FVG di salto con gli sci impegnate oggi a Oslo, in Norvegia, nella prima delle due prove di Coppa Continentale.<\/p>\n<p>Sul trampolino HS106 c&#8217;\u00e8 stata una tripletta tedesca con nell&#8217;ordine Althaus, Hessler e Seyfarth, con Asia Marcato del Bachmanna 22a, Martina Zanitzer del Lussari 26a e Camilla Comazzi del Bachmann 27a. Per le due esponenti dello ski college di Tarvisio si tratta dei primi punti in carriera nel secondo circuito per importanza del salto femminile. Di pi\u00f9: Comazzi (2006, all&#8217;esordio assoluto in COC)) e Zanitzer (2005) erano le pi\u00f9 giovani fra coloro che sono approdate al secondo salto. La crescita continua.<\/p>\n<p><a href=\"https:\/\/www.fis-ski.com\/DB\/general\/results.html?sectorcode=JP&amp;raceid=6147\">CLASSIFICA CONTINENTAL CUP<\/a><\/p>\n<p>Noelia Vuerich si \u00e8 invece spostata nella pi\u00f9 vicina Villach per la FIS Cup sull&#8217;HS98. La lussarina \u00e8 giunta 26a nella prova vinta dall slovena Nika Prevc davanti all&#8217;azzurra Lara Malsiner.<\/p>\n<p><a href=\"https:\/\/www.fis-ski.com\/DB\/general\/results.html?sectorcode=JP&amp;raceid=6119\">CLASSIFICA FIS CUP<\/a><\/p>\n<p><em><strong>(in copertina Asia Marcato)<\/strong><\/em><\/p>\n<p>&nbsp;<\/p>\n","protected":false},"excerpt":{"rendered":"<p>Si tratta di Asia Marcato, Martina Zanitzer e Camilla Comazzi<\/p>\n","protected":false},"author":4,"featured_media":80355,"comment_status":"closed","ping_status":"closed","sticky":false,"template":"","format":"standard","meta":{"_acf_changed":false,"footnotes":""},"categories":[10,12],"tags":[],"acf":[],"_links":{"self":[{"href":"https:\/\/comitati.fisi.org\/friuli-venezia-giulia\/wp-json\/wp\/v2\/posts\/80883"}],"collection":[{"href":"https:\/\/comitati.fisi.org\/friuli-venezia-giulia\/wp-json\/wp\/v2\/posts"}],"about":[{"href":"https:\/\/comitati.fisi.org\/friuli-venezia-giulia\/wp-json\/wp\/v2\/types\/post"}],"author":[{"embeddable":true,"href":"https:\/\/comitati.fisi.org\/friuli-venezia-giulia\/wp-json\/wp\/v2\/users\/4"}],"replies":[{"embeddable":true,"href":"https:\/\/comitati.fisi.org\/friuli-venezia-giulia\/wp-json\/wp\/v2\/comments?post=80883"}],"version-history":[{"count":0,"href":"https:\/\/comitati.fisi.org\/friuli-venezia-giulia\/wp-json\/wp\/v2\/posts\/80883\/revisions"}],"wp:featuredmedia":[{"embeddable":true,"href":"https:\/\/comitati.fisi.org\/friuli-venezia-giulia\/wp-json\/wp\/v2\/media\/80355"}],"wp:attachment":[{"href":"https:\/\/comitati.fisi.org\/friuli-venezia-giulia\/wp-json\/wp\/v2\/media?parent=80883"}],"wp:term":[{"taxonomy":"category","embeddable":true,"href":"https:\/\/comitati.fisi.org\/friuli-venezia-giulia\/wp-json\/wp\/v2\/categories?post=80883"},{"taxonomy":"post_tag","embeddable":true,"href":"https:\/\/comitati.fisi.org\/friuli-venezia-giulia\/wp-json\/wp\/v2\/tags?post=80883"}],"curies":[{"name":"wp","href":"https:\/\/api.w.org\/{rel}","templated":true}]}}