{"id":80690,"date":"2021-09-11T10:51:59","date_gmt":"2021-09-11T08:51:59","guid":{"rendered":"https:\/\/www.fisifvg.org\/?p=80690"},"modified":"2021-09-11T10:51:59","modified_gmt":"2021-09-11T08:51:59","slug":"allenamenti-allo-stelvio-per-taranzano-e-vaccari","status":"publish","type":"post","link":"https:\/\/comitati.fisi.org\/friuli-venezia-giulia\/blog\/2021\/09\/11\/allenamenti-allo-stelvio-per-taranzano-e-vaccari\/","title":{"rendered":"Allenamenti allo Stelvio per Taranzano e Vaccari"},"content":{"rendered":"<p>Il Passo dello Stelvio ospiter\u00e0 gli allenamenti di alcune delle nazionali azzurre di sci alpino, disposti dal direttore tecnico giovanile Massimo Carca.<\/p>\n<p>In particolare il gruppo \u201cB1\u201d maschile di discipline tecniche si ritrover\u00e0 da domenica 12 fino a mercoled\u00ec 15 settembre, con il tecnico Peter Fill che seguir\u00e0 Matteo Bendotti, Filippo Della Vite, Giovanni Franzoni, Matteo Franzoso, <strong>Luca Taranzano<\/strong> e Tobias Kastlunger.<\/p>\n<p>Quasi nel medesimo periodo, dal domenica 12 a gioved\u00ec, si ritrover\u00e0 anche il gruppo \u201cB2\u201d maschile discipline tecniche agli ordini degli allenatori Ruggero Muzzarelli e Ivan Imberti. Gli atleti che prenderanno parte all\u2019allenamento sono Pietro Canzio, Federico Liberatore, Tommaso Saccardi e <strong>Hans Vaccari.<\/strong><\/p>\n","protected":false},"excerpt":{"rendered":"<p>Raduni sul ghiacciaio in queste giornate per le squadre nazionali di sci alpino<\/p>\n","protected":false},"author":4,"featured_media":79937,"comment_status":"closed","ping_status":"closed","sticky":false,"template":"","format":"standard","meta":{"_acf_changed":false,"footnotes":""},"categories":[10,15],"tags":[],"acf":[],"_links":{"self":[{"href":"https:\/\/comitati.fisi.org\/friuli-venezia-giulia\/wp-json\/wp\/v2\/posts\/80690"}],"collection":[{"href":"https:\/\/comitati.fisi.org\/friuli-venezia-giulia\/wp-json\/wp\/v2\/posts"}],"about":[{"href":"https:\/\/comitati.fisi.org\/friuli-venezia-giulia\/wp-json\/wp\/v2\/types\/post"}],"author":[{"embeddable":true,"href":"https:\/\/comitati.fisi.org\/friuli-venezia-giulia\/wp-json\/wp\/v2\/users\/4"}],"replies":[{"embeddable":true,"href":"https:\/\/comitati.fisi.org\/friuli-venezia-giulia\/wp-json\/wp\/v2\/comments?post=80690"}],"version-history":[{"count":0,"href":"https:\/\/comitati.fisi.org\/friuli-venezia-giulia\/wp-json\/wp\/v2\/posts\/80690\/revisions"}],"wp:featuredmedia":[{"embeddable":true,"href":"https:\/\/comitati.fisi.org\/friuli-venezia-giulia\/wp-json\/wp\/v2\/media\/79937"}],"wp:attachment":[{"href":"https:\/\/comitati.fisi.org\/friuli-venezia-giulia\/wp-json\/wp\/v2\/media?parent=80690"}],"wp:term":[{"taxonomy":"category","embeddable":true,"href":"https:\/\/comitati.fisi.org\/friuli-venezia-giulia\/wp-json\/wp\/v2\/categories?post=80690"},{"taxonomy":"post_tag","embeddable":true,"href":"https:\/\/comitati.fisi.org\/friuli-venezia-giulia\/wp-json\/wp\/v2\/tags?post=80690"}],"curies":[{"name":"wp","href":"https:\/\/api.w.org\/{rel}","templated":true}]}}