{"id":80656,"date":"2021-09-13T13:24:49","date_gmt":"2021-09-13T11:24:49","guid":{"rendered":"https:\/\/www.fisifvg.org\/?p=80656"},"modified":"2021-09-13T13:24:49","modified_gmt":"2021-09-13T11:24:49","slug":"iosonofisifvg-sofia-del-fabbro","status":"publish","type":"post","link":"https:\/\/comitati.fisi.org\/friuli-venezia-giulia\/blog\/2021\/09\/13\/iosonofisifvg-sofia-del-fabbro\/","title":{"rendered":"#IoSonoFisiFvg \u2013 SOFIA DEL FABBRO"},"content":{"rendered":"<p>Prosegue la rubrica\u00a0<strong>#IoSonoFisiFvg,<\/strong>\u00a0che consente di conoscere meglio i nuovi atleti delle squadre di Comitato.<strong><br \/>\n<\/strong>Oggi protagonista \u00e8 il biathlon con <strong>Sofia Del Fabbro<\/strong>.<\/p>\n<p><span style=\"font-weight: 400\"><strong>Nome e cognome<\/strong>: Sofia Del Fabbro<\/span><span style=\"font-weight: 400\"><br \/>\n<\/span><span style=\"font-weight: 400\"><strong>Sci Club:<\/strong> A.S.D. Monte Coglians<\/span><span style=\"font-weight: 400\"><br \/>\n<\/span><span style=\"font-weight: 400\"><strong>Dove vivi?<\/strong> A Forni Avoltri<\/span><span style=\"font-weight: 400\"><br \/>\n<\/span><span style=\"font-weight: 400\"><strong>A che et\u00e0 hai messo per la prima volta gli sci ai piedi?<\/strong> A 5 anni<br \/>\n<\/span><span style=\"font-weight: 400\"><strong>Ti \u00e8 piaciuto subito il biathlon?<\/strong> No, all\u2019inizio non mi piaceva sparare<br \/>\n<\/span><span style=\"font-weight: 400\"><strong>Hai praticato altre discipline invernali?<\/strong> Ho praticato sci di discesa, snowboard, sci alpinismo a livello non agonistico e naturalmente sci di fondo a livello agonistico<\/span><span style=\"font-weight: 400\"><br \/>\n<\/span><span style=\"font-weight: 400\"><strong>Ti ricordi la prima gara?<\/strong> Nel biathlon \u00e8 stata nella mia pista, la Carnia Arena. Erano i Campionati regionali del 2019 e ho vinto la medaglia d\u2019oro<\/span><span style=\"font-weight: 400\"><br \/>\n<\/span><\/p>\n<div id=\"attachment_68489\" style=\"width: 310px\" class=\"wp-caption alignright\"><a href=\"http:\/\/comitati.fisi.org\/friuli-venezia-giulia\/wp-content\/uploads\/sites\/34\/2020\/03\/Alex-Zanardi.jpg\"><img loading=\"lazy\" decoding=\"async\" aria-describedby=\"caption-attachment-68489\" class=\"wp-image-68489\" src=\"http:\/\/comitati.fisi.org\/friuli-venezia-giulia\/wp-content\/uploads\/sites\/34\/2020\/03\/Alex-Zanardi-400x400.jpg\" alt=\"\" width=\"300\" height=\"478\" \/><\/a><p id=\"caption-attachment-68489\" class=\"wp-caption-text\">Alex Zanardi<\/p><\/div>\n<p><span style=\"font-weight: 400\"><strong>Chi \u00e8 il tuo allenatore? <\/strong>Ora che sono entrata nella squadra di Comitato sono allenata da Giuseppe Piller, che ci segue nella preparazione atletica, e da Enrico Tach, che invece ci allena al tiro. <\/span><span style=\"font-weight: 400\">Sono allenatori molto preparati, sono simpatici e ci fanno lavorare duramente. Sicuramente sapranno darmi buoni consigli per farmi crescere.\u00a0<\/span><span style=\"font-weight: 400\">L\u2019allenatore che mi ha seguito in tutti questi anni \u00e8 Giuseppe Degano e anche quest\u2019anno continua ad aiutarmi con gli allenamenti. Lui \u00e8 l\u2019allenatore che mi ha portato fin qui, ha creduto in me e mi ha sempre spronato a migliorare e a non mollare<br \/>\n<\/span><span style=\"font-weight: 400\"><strong>Dove credi di dover migliorare?<\/strong> Ho iniziato quest\u2019anno a sparare con la carabina calibro 22 e ho sicuramente tanto da migliorare, specialmente nel tiro in piedi. Anche nello sci voglio crescere e imparare a gareggiare con pi\u00f9 \u201ccattiveria\u201d<br \/>\n<\/span><span style=\"font-weight: 400\"><strong>Qual \u00e8 l\u2019impianto pi\u00f9 bello nel quale hai gareggiato?<\/strong> Val di Vizze, in Alto Adige<\/span><span style=\"font-weight: 400\"><br \/>\n<\/span><span style=\"font-weight: 400\"><strong>E quello nel quale un giorno vorresti disputare una gara?<\/strong> Ad Anterselva, sempre in Alto Adige<\/span><span style=\"font-weight: 400\"><br \/>\n<\/span><span style=\"font-weight: 400\"><strong>La miglior gara della tua vita quando e dove \u00e8 stata?<\/strong> Deve ancora venire<br \/>\n<\/span><span style=\"font-weight: 400\"><strong>Chi \u00e8 l\u2019amico del cuore?<\/strong> Sono pi\u00f9 legata alle compagne della Monte Coglians perch\u00e9 abbiamo passato tanti anni insieme, ma spero che conoscendoci meglio diventeremo tutti grandi amici anche nella squadra di Comitato.<\/span><span style=\"font-weight: 400\"><br \/>\n<\/span><span style=\"font-weight: 400\"><strong>Qual \u00e8 il tuo idolo, d\u2019infanzia e\/o attuale?<\/strong> Non ho un idolo, ma ammiro Sara e Ilaria Scattolo per la loro tenacia, passione e solarit\u00e0<\/span><span style=\"font-weight: 400\"><br \/>\n<\/span><span style=\"font-weight: 400\"><strong>\u00c8 possibile collimare scuola e sport?<\/strong> Anche se a volte ci possono essere delle difficolt\u00e0, impegnandosi si riesce<br \/>\n<\/span><\/p>\n<div id=\"attachment_80663\" style=\"width: 410px\" class=\"wp-caption alignleft\"><a href=\"http:\/\/comitati.fisi.org\/friuli-venezia-giulia\/wp-content\/uploads\/sites\/34\/2021\/09\/Cascata-delle-Marmore.jpg\"><img loading=\"lazy\" decoding=\"async\" aria-describedby=\"caption-attachment-80663\" class=\"size-thumbnail wp-image-80663\" src=\"http:\/\/comitati.fisi.org\/friuli-venezia-giulia\/wp-content\/uploads\/sites\/34\/2021\/09\/Cascata-delle-Marmore-400x400.jpg\" alt=\"\" width=\"400\" height=\"400\" \/><\/a><p id=\"caption-attachment-80663\" class=\"wp-caption-text\">Cascata delle Marmore<\/p><\/div>\n<p><span style=\"font-weight: 400\"><strong>Cos\u2019\u00e8 per te il biathlon?<\/strong> \u00c8 divertimento, \u00e8 impegno, \u00e8 libert\u00e0, \u00e8 spensieratezza, \u00e8 sacrificio\u2026 Il biathlon, come tutti gli sport, mi insegna molte cose che saranno utili nella vita; mi insegna che se si vuole raggiungere un obiettivo non bisogna mollare, anche se si incontrano degli ostacoli durante il percorso<br \/>\n<\/span><span style=\"font-weight: 400\"><strong>Nel futuro ti vedi atleta, allenatore o semplice appassionato?<\/strong> Atleta<\/span><span style=\"font-weight: 400\"><br \/>\n<\/span><span style=\"font-weight: 400\"><strong>Il classico sogno nel cassetto? <\/strong>Vorrei diventare una forte atleta e partecipare alle Olimpiadi<br \/>\n<\/span><span style=\"font-weight: 400\"><strong>Musica preferita?<\/strong> Pop e rock<\/span><span style=\"font-weight: 400\"><br \/>\n<\/span><span style=\"font-weight: 400\"><strong>Cantante\/gruppo preferito?<\/strong> Mi piacciono i Bon Jovi<\/span><span style=\"font-weight: 400\"><br \/>\n<\/span><span style=\"font-weight: 400\"><strong>Serie tv preferita?<\/strong> &#8220;Che Dio ci aiuti&#8221;<br \/>\n<\/span><span style=\"font-weight: 400\"><strong>Attore preferito?<\/strong> Clayne Crawford<\/span><span style=\"font-weight: 400\"><br \/>\n<\/span><span style=\"font-weight: 400\"><strong>Sport extrasci preferito?<\/strong> Ginnastica artistica e danza, ma comunque mi piacciono tutti gli sport!<\/span><span style=\"font-weight: 400\"><br \/>\n<\/span><span style=\"font-weight: 400\"><strong>Sportivo extrasci preferito?<\/strong> Alex Zanardi<\/span><span style=\"font-weight: 400\"><br \/>\n<\/span><span style=\"font-weight: 400\"><strong>Hai qualche hobby?<\/strong> Stare all\u2019aria aperta con mia sorella e badare ai miei alpaca.<\/span><span style=\"font-weight: 400\"><br \/>\n<\/span><span style=\"font-weight: 400\"><strong>Social preferito?<\/strong> Nessuno\u00a0 <\/span><span style=\"font-weight: 400\"><br \/>\n<\/span><span style=\"font-weight: 400\"><strong>Il luogo pi\u00f9 bello che hai visitato:<\/strong> le Cascate delle Marmore<\/span><span style=\"font-weight: 400\"><br \/>\n<\/span><span style=\"font-weight: 400\"><strong>Vorresti fare una vacanza a<\/strong>: alle Hawaii\u00a0 \u00a0 \u00a0\u00a0<\/span><\/p>\n<p><strong><br \/>\nGI\u00c0 PUBBLICATI<\/strong><\/p>\n<p><a href=\"https:\/\/www.fisifvg.org\/2021\/09\/02\/iosonofisifvg-marco-iorio\/\">MARCO IORIO<\/a><br \/>\n<a href=\"https:\/\/www.fisifvg.org\/2021\/08\/04\/iosonofisifvg-sebastiano-maddalena\/\">SEBASTIANO MADDALENA<\/a><br \/>\n<a href=\"https:\/\/www.fisifvg.org\/2021\/07\/27\/iosonofisifvg-matteo-vernier\/\">MATTEO VERNIER<\/a><br \/>\n<a href=\"https:\/\/www.fisifvg.org\/2021\/07\/13\/iosonofisifvg-maya-pividori\/\">MAYA PIVIDORI<\/a><br \/>\n<a href=\"https:\/\/www.fisifvg.org\/2021\/07\/09\/iosonofisifvg-massimiliano-rossi\/\">MASSIMILIANO ROSSI<\/a><br \/>\n<a href=\"https:\/\/www.fisifvg.org\/2021\/07\/03\/iosonofisifvg-alessandra-pezzutti\/\">ALESSANDRA PEZZUTTI<\/a><br \/>\n<a href=\"https:\/\/www.fisifvg.org\/2021\/06\/29\/iosonofisifvg-francesco-causser\/\">FRANCESCO CAUSSER<\/a><br \/>\n<a href=\"https:\/\/www.fisifvg.org\/2021\/06\/24\/iosonofisifvg-sophia-polo\/\">SOPHIA POLO<\/a><br \/>\n<a href=\"https:\/\/www.fisifvg.org\/2021\/06\/21\/iosonofisifvg-davide-princi\/\">DAVIDE PRINCI<\/a><\/p>\n<p><strong>SCHEDE 2020<\/strong><\/p>\n<p><a href=\"https:\/\/www.fisifvg.org\/2020\/11\/10\/iosonofisifvg-cecilia-casanova\/\">CECILIA CASANOVA<\/a><br \/>\n<a href=\"https:\/\/www.fisifvg.org\/2020\/11\/02\/iosonofisifvg-noah-valas\/\">NOAH VALAS<\/a><br \/>\n<a href=\"https:\/\/www.fisifvg.org\/2020\/10\/19\/iosonofisifvg-giorgia-manente\/\">GIORGIA MANENTE<\/a><br \/>\n<a href=\"https:\/\/www.fisifvg.org\/2020\/10\/06\/iosonofisifvg-giulio-concina\/\">GIULIO CONCINA<\/a><br \/>\n<a href=\"https:\/\/www.fisifvg.org\/2020\/10\/01\/iosonofisifvg-elia-spaliviero\/\">ELIA SPALIVIERO<\/a><br \/>\n<a href=\"https:\/\/www.fisifvg.org\/2020\/09\/16\/iosonofisifvg-maria-gismondi\/\">MARIA GISMONDI<\/a><br \/>\n<a href=\"https:\/\/www.fisifvg.org\/2020\/08\/22\/iosonofisifvg-luca-quinz\/\">LUCA QUINZ<\/a><br \/>\n<a href=\"https:\/\/www.fisifvg.org\/2020\/09\/05\/iosonofisifvg-giada-monegato\/\">GIADA MONEGATO<\/a><br \/>\n<a href=\"https:\/\/www.fisifvg.org\/2020\/09\/02\/iosonofisifvg-mattia-del-torre\/\">MATTIA DEL TORRE<\/a><br \/>\n<a href=\"https:\/\/www.fisifvg.org\/2020\/08\/24\/iosonofisifvg-alessandro-bellemo\/\">ALESSANDRO BELLEMO<\/a><br \/>\n<a href=\"https:\/\/www.fisifvg.org\/2020\/08\/21\/iosonofisifvg-francesco-la-grassa\/\">FRANCESCO LA GRASSA<\/a><br \/>\n<a href=\"https:\/\/www.fisifvg.org\/2020\/08\/18\/iosonofisifvg-nicolas-ribbi\/\">NICOLAS RIBBI<\/a><br \/>\n<a href=\"https:\/\/www.fisifvg.org\/2020\/08\/14\/iosonofisifvg-giulia-federicis\/\">GIULIA FEDERICIS<\/a><br \/>\n<a href=\"https:\/\/www.fisifvg.org\/2020\/08\/12\/iosonofisifvg-marco-gaudenzio\/\">MARCO GAUDENZIO<\/a><br \/>\n<a href=\"https:\/\/www.fisifvg.org\/2020\/08\/09\/iosonofisifvg-giacomo-tarussio\/\">GIACOMO TARUSSIO<\/a><br \/>\n<a href=\"https:\/\/www.fisifvg.org\/2020\/08\/06\/iosonofisifvg-sofia-colombo\/\">SOFIA COLOMBO<\/a><br \/>\n<a href=\"https:\/\/www.fisifvg.org\/2020\/07\/31\/iosonofisifvg-daniele-cochetti\/\">DANIELE COCHETTI<\/a><br \/>\n<a href=\"https:\/\/www.fisifvg.org\/2020\/07\/29\/iosonofisifvg-francesca-tessarolo\/\">FRANCESCA TESSAROLO<\/a><br \/>\n<a href=\"https:\/\/www.fisifvg.org\/2020\/07\/24\/iosonofisifvg-beatrice-costato\/\">BEATRICE COSTATO<\/a><br \/>\n<a href=\"https:\/\/www.fisifvg.org\/2020\/05\/17\/iosonofisifvg-luca-kerer\/\">LUCA KERER<\/a><br \/>\n<a href=\"https:\/\/www.fisifvg.org\/2020\/05\/14\/iosonofisifvg-alex-ostolidi\/\">ALEX OSTOLIDI<\/a><br \/>\n<a href=\"https:\/\/www.fisifvg.org\/2020\/05\/12\/iosonofisifvg-serena-del-fabbro\/\">SERENA DEL FABBRO<\/a><br \/>\n<a href=\"https:\/\/www.fisifvg.org\/2020\/05\/11\/iosonofisifvg-anna-dosso\/\">ANNA DOSSO<\/a><br \/>\n<a href=\"https:\/\/www.fisifvg.org\/2020\/05\/10\/iosonofisifvg-alberto-benedetti\/\">ALBERTO BENEDETTI<\/a><br \/>\n<a href=\"https:\/\/www.fisifvg.org\/2020\/05\/08\/iosonofisifvg-ludovica-del-bianco\/\">LUDOVICA DEL BIANCO<\/a><br \/>\n<a href=\"https:\/\/www.fisifvg.org\/2020\/05\/06\/iosonofisifvg-ilaria-scattolo\/\">ILARIA SCATTOLO<\/a><br \/>\n<a href=\"https:\/\/www.fisifvg.org\/2020\/05\/05\/iosonofisifvg-davide-graz\/\">DAVIDE GRAZ<\/a><br \/>\n<a href=\"https:\/\/www.fisifvg.org\/2020\/05\/03\/iosonofisifvg-andrea-gartner\/\">ANDREA GARTNER<\/a><br \/>\n<a href=\"https:\/\/www.fisifvg.org\/2020\/05\/02\/iosonofisifvg-giacomo-vidoni\/\">GIACOMO VIDONI<\/a><br \/>\n<a href=\"https:\/\/www.fisifvg.org\/2020\/04\/30\/iosonofisifvg-pietro-pallober\/\">PIETRO PALLOBER<\/a><br \/>\n<a href=\"https:\/\/www.fisifvg.org\/2020\/04\/28\/iosonofisifvg-francesco-cecon\/\">FRANCESCO CECON<\/a><br \/>\n<a href=\"https:\/\/www.fisifvg.org\/2020\/04\/27\/iosonofisifvg-alex-perissutti\/\">ALEX PERISSUTTI<\/a><br \/>\n<a href=\"https:\/\/www.fisifvg.org\/2020\/04\/25\/iosonofisifvg-anna-berra\/\">ANNA BERRA<\/a><br \/>\n<a href=\"https:\/\/www.fisifvg.org\/2020\/04\/24\/iosonofisifvg-martina-di-centa\/\">MARTINA DI CENTA<\/a><br \/>\n<a href=\"https:\/\/www.fisifvg.org\/2020\/04\/23\/iosonofisifvg-giovanni-vanino\/\">GIOVANNI VANINO<\/a><br \/>\n<a href=\"https:\/\/www.fisifvg.org\/2020\/04\/22\/iosonofisifvg-astrid-plosch\/\">ASTRID PL\u00d6SCH<\/a><br \/>\n<a href=\"https:\/\/www.fisifvg.org\/2020\/04\/21\/iosonofisifvg-martino-zambenedetti\/\">MARTINO ZAMBENEDETTI<\/a><br \/>\n<a href=\"https:\/\/www.fisifvg.org\/2020\/04\/20\/iosonofisifvg-renato-moretti\/\">RENATO MORETTI<\/a><br \/>\n<a href=\"https:\/\/www.fisifvg.org\/2020\/04\/19\/iosonofisifvg-gabriele-monteleone\/\">GABRIELE MONTELEONE<\/a><br \/>\n<a href=\"https:\/\/www.fisifvg.org\/2020\/04\/18\/iosonofisifvg-andrea-craievich\/\">ANDREA CRAIEVICH<\/a><br \/>\n<a href=\"https:\/\/www.fisifvg.org\/2020\/04\/17\/iosonofisifvg-fabio-cappellari\/\">FABIO CAPPELLARI<\/a><br \/>\n<a href=\"https:\/\/www.fisifvg.org\/2020\/04\/16\/iosonofisifvg-arturo-severi\/\">ARTURO SEVERI<\/a><br \/>\n<a href=\"https:\/\/www.fisifvg.org\/2020\/04\/15\/iosonofisifvg-caterina-molinari\/\">CATERINA MOLINARI<\/a><br \/>\n<a href=\"https:\/\/www.fisifvg.org\/2020\/04\/14\/iosonofisifvg-greta-pinzani\/\">GRETA PINZANI<\/a><br \/>\n<a href=\"https:\/\/www.fisifvg.org\/2020\/04\/11\/iosonofisifvg-alessandro-tosoni\/\">ALESSANDRO TOSONI<\/a><br \/>\n<a href=\"https:\/\/www.fisifvg.org\/2020\/04\/10\/iosonofisifvg-edoardo-buzzi\/\">EDOARDO BUZZI<\/a><br \/>\n<a href=\"https:\/\/www.fisifvg.org\/2020\/04\/09\/iosonofisifvg-sara-scattolo\/\">SARA SCATTOLO<\/a><br \/>\n<a href=\"https:\/\/www.fisifvg.org\/2020\/04\/07\/iosonofisifvg-martina-zanitzer\/\">MARTINA ZANITZER<\/a><br \/>\n<a href=\"https:\/\/www.fisifvg.org\/2020\/04\/06\/iosonofisifvg-samuele-cusin\/\">SAMUELE CUSIN<\/a><br \/>\n<a href=\"https:\/\/www.fisifvg.org\/2020\/04\/05\/iosonofisifvg-fabio-piller-cottrer\/\">FABIO PILLER COTTRER<\/a><br \/>\n<a href=\"https:\/\/www.fisifvg.org\/2020\/04\/04\/iosonofisifvg-karin-puntel\/\">KARIN PUNTEL<\/a><br \/>\n<a href=\"https:\/\/www.fisifvg.org\/2020\/04\/03\/iosonofisifvg-andrea-campregher\/\">ANDREA CAMPREGHER<\/a><br \/>\n<a href=\"https:\/\/www.fisifvg.org\/2020\/04\/01\/iosonofisifvg-paolo-ramicone\/\">PAOLO RAMICONE<\/a><br \/>\n<a href=\"https:\/\/www.fisifvg.org\/2020\/03\/31\/iosonofisifvg-mattia-piller-hoffer\/\">MATTIA PILLER HOFFER<\/a><br \/>\n<a href=\"https:\/\/www.fisifvg.org\/2020\/03\/30\/iosonofisifvg-aurora-morassi\/\">AURORA MORASSI<\/a><br \/>\n<a href=\"https:\/\/www.fisifvg.org\/2020\/03\/29\/iosonofisifvg-noelia-vuerich\/\">NOELIA VUERICH<\/a><br \/>\n<a href=\"https:\/\/www.fisifvg.org\/2020\/03\/28\/iosonofisifvg-cristiano-agostinis\/\">CRISTIANO AGOSTINIS<\/a><br \/>\n<a href=\"https:\/\/www.fisifvg.org\/2020\/03\/27\/iosonofisifvg-lorenzo-solero\/\">LORENZO SOLERO<\/a><br \/>\n<a href=\"https:\/\/www.fisifvg.org\/2020\/03\/26\/iosonofisifvg-luca-sclisizzo\/\">LUCA SCLISIZZO<\/a><br \/>\n<a href=\"https:\/\/www.fisifvg.org\/2020\/03\/25\/iosonofisifvg-erika-pinzani\/\">ERIKA PINZANI<\/a><br \/>\n<a href=\"https:\/\/www.fisifvg.org\/2020\/03\/23\/iosonofisifvg-caterina-sinigoi\/\">CATERINA SINIGOI<\/a><\/p>\n<p>&nbsp;<\/p>\n","protected":false},"excerpt":{"rendered":"<p>Protagonista odierna della nostra rubrica \u00e8 la biathleta della squadra FISI FVG<\/p>\n","protected":false},"author":4,"featured_media":80806,"comment_status":"closed","ping_status":"closed","sticky":false,"template":"","format":"standard","meta":{"_acf_changed":false,"footnotes":""},"categories":[13,10],"tags":[],"acf":[],"_links":{"self":[{"href":"https:\/\/comitati.fisi.org\/friuli-venezia-giulia\/wp-json\/wp\/v2\/posts\/80656"}],"collection":[{"href":"https:\/\/comitati.fisi.org\/friuli-venezia-giulia\/wp-json\/wp\/v2\/posts"}],"about":[{"href":"https:\/\/comitati.fisi.org\/friuli-venezia-giulia\/wp-json\/wp\/v2\/types\/post"}],"author":[{"embeddable":true,"href":"https:\/\/comitati.fisi.org\/friuli-venezia-giulia\/wp-json\/wp\/v2\/users\/4"}],"replies":[{"embeddable":true,"href":"https:\/\/comitati.fisi.org\/friuli-venezia-giulia\/wp-json\/wp\/v2\/comments?post=80656"}],"version-history":[{"count":0,"href":"https:\/\/comitati.fisi.org\/friuli-venezia-giulia\/wp-json\/wp\/v2\/posts\/80656\/revisions"}],"wp:featuredmedia":[{"embeddable":true,"href":"https:\/\/comitati.fisi.org\/friuli-venezia-giulia\/wp-json\/wp\/v2\/media\/80806"}],"wp:attachment":[{"href":"https:\/\/comitati.fisi.org\/friuli-venezia-giulia\/wp-json\/wp\/v2\/media?parent=80656"}],"wp:term":[{"taxonomy":"category","embeddable":true,"href":"https:\/\/comitati.fisi.org\/friuli-venezia-giulia\/wp-json\/wp\/v2\/categories?post=80656"},{"taxonomy":"post_tag","embeddable":true,"href":"https:\/\/comitati.fisi.org\/friuli-venezia-giulia\/wp-json\/wp\/v2\/tags?post=80656"}],"curies":[{"name":"wp","href":"https:\/\/api.w.org\/{rel}","templated":true}]}}