{"id":80585,"date":"2021-09-05T11:03:30","date_gmt":"2021-09-05T09:03:30","guid":{"rendered":"https:\/\/www.fisifvg.org\/?p=80585"},"modified":"2021-09-05T11:03:30","modified_gmt":"2021-09-05T09:03:30","slug":"uno-splendido-francesco-cecon-e-24-allesordio-nel-grand-prix-estivo","status":"publish","type":"post","link":"https:\/\/comitati.fisi.org\/friuli-venezia-giulia\/blog\/2021\/09\/05\/uno-splendido-francesco-cecon-e-24-allesordio-nel-grand-prix-estivo\/","title":{"rendered":"Uno splendido Francesco Cecon \u00e8 24\u00b0 all&#8217;esordio nel Grand Prix estivo"},"content":{"rendered":"<p>All&#8217;esordio assoluto nel Grand Prix estivo di salto con gli sci, Francesco Cecon ottiene subito un grande risultato.<\/p>\n<p>Il 19enne del Bachmann (<em><strong>nella foto in azione oggi<\/strong><\/em>), in gara a Schuchinsk (Kazakistan), aveva ottenuto la qualificazione al secondo salto sul trampolino HS99 con la 28a misura. Poi nella serie decisiva si \u00e8 ulteriormente migliorato risalendo fino al 24\u00b0 posto finale. Un risultato molto importante in prospettiva qualificazione olimpica, che conferma la crescita costante del talento di Malborghetto Valbruna.<\/p>\n<p>Il vento aveva impedito la disputa ieri della prima gara, perci\u00f2 oggi se ne sono svolte due. Della prima abbiamo detto, mentre nella seconda Cecon \u00e8 stato meno fortunato, non riuscendo a qualificarsi per il salto di finale. Il vento non \u00e8 stato amico di Francesco, che per tre volte si \u00e8 portato sulla stanga di partenza per poi vedersi costretto a rinviare la prova. Al quarto tentativo \u00e8 arrivato il via libera, ma, come detto, la misura raggiunta (34\u00b0 posto) non \u00e8 stata sufficiente per andare avanti. Per lui resta in ogni caso una giornata da ricordare.<\/p>\n<p><a href=\"https:\/\/www.fis-ski.com\/DB\/general\/event-details.html?sectorcode=JP&amp;eventid=49278&amp;seasoncode=2022\">CLASSIFICA GRAND PRIX<\/a><\/p>\n<p>A Ljubno, in Slovenia, seconda giornata per la FIS Cup sul trampolino HS95, con Camilla Comazzi del Bachmann 21a, la compagna di club Asia Marcato 29a e Noelia Vuerich del Lussari 30a. Nel pomeriggio la prova maschile con l&#8217;altro bachmaniano Andrea Campregher.<\/p>\n<p><a href=\"https:\/\/www.fis-ski.com\/DB\/general\/event-details.html?sectorcode=JP&amp;eventid=49246&amp;seasoncode=2022\">CLASSIFICA FIS CUP<\/a><\/p>\n","protected":false},"excerpt":{"rendered":"<p>Un risultato importante anche in prospettiva qualificazione olimpica per il 19enne del Bachmann<\/p>\n","protected":false},"author":4,"featured_media":80588,"comment_status":"closed","ping_status":"closed","sticky":false,"template":"","format":"standard","meta":{"_acf_changed":false,"footnotes":""},"categories":[10,12],"tags":[],"acf":[],"_links":{"self":[{"href":"https:\/\/comitati.fisi.org\/friuli-venezia-giulia\/wp-json\/wp\/v2\/posts\/80585"}],"collection":[{"href":"https:\/\/comitati.fisi.org\/friuli-venezia-giulia\/wp-json\/wp\/v2\/posts"}],"about":[{"href":"https:\/\/comitati.fisi.org\/friuli-venezia-giulia\/wp-json\/wp\/v2\/types\/post"}],"author":[{"embeddable":true,"href":"https:\/\/comitati.fisi.org\/friuli-venezia-giulia\/wp-json\/wp\/v2\/users\/4"}],"replies":[{"embeddable":true,"href":"https:\/\/comitati.fisi.org\/friuli-venezia-giulia\/wp-json\/wp\/v2\/comments?post=80585"}],"version-history":[{"count":0,"href":"https:\/\/comitati.fisi.org\/friuli-venezia-giulia\/wp-json\/wp\/v2\/posts\/80585\/revisions"}],"wp:featuredmedia":[{"embeddable":true,"href":"https:\/\/comitati.fisi.org\/friuli-venezia-giulia\/wp-json\/wp\/v2\/media\/80588"}],"wp:attachment":[{"href":"https:\/\/comitati.fisi.org\/friuli-venezia-giulia\/wp-json\/wp\/v2\/media?parent=80585"}],"wp:term":[{"taxonomy":"category","embeddable":true,"href":"https:\/\/comitati.fisi.org\/friuli-venezia-giulia\/wp-json\/wp\/v2\/categories?post=80585"},{"taxonomy":"post_tag","embeddable":true,"href":"https:\/\/comitati.fisi.org\/friuli-venezia-giulia\/wp-json\/wp\/v2\/tags?post=80585"}],"curies":[{"name":"wp","href":"https:\/\/api.w.org\/{rel}","templated":true}]}}