{"id":80559,"date":"2021-09-04T18:33:57","date_gmt":"2021-09-04T16:33:57","guid":{"rendered":"https:\/\/www.fisifvg.org\/?p=80559"},"modified":"2021-09-04T18:33:57","modified_gmt":"2021-09-04T16:33:57","slug":"la-sprint-u23-di-skiroll-e-tutta-fvg-oro-a-martina-di-centa-e-davide-graz","status":"publish","type":"post","link":"https:\/\/comitati.fisi.org\/friuli-venezia-giulia\/blog\/2021\/09\/04\/la-sprint-u23-di-skiroll-e-tutta-fvg-oro-a-martina-di-centa-e-davide-graz\/","title":{"rendered":"La sprint U23 di skiroll \u00e8 tutta FVG: oro a Martina Di Centa e Davide Graz"},"content":{"rendered":"<p><a href=\"https:\/\/www.fisifvg.org\/2021\/09\/04\/maria-gismondi-argento-u18-agli-italiani-di-skiroll-di-forni-avoltri\/\">Dopo le gare del mattino riservate a Under 18 e Under 20<\/a>, con l&#8217;argento conquistato dalla FISI FVG Maria Gismondi nella prova Aspiranti femminile, nel pomeriggio la Carnia Arena di Forni Avoltri ha assegnato le prove Sprint dei Campionati Italiani di skiroll, validi anche per la Coppa Italia di fondo.<\/p>\n<p>Ottime notizie per la nostra regione, con il titolo italiano Under 23 conquistato da Martina Di Centa nella prova femminile e da Davide Graz in quella maschile.<\/p>\n<p>La gara vedeva gareggiare assieme Seniores e U23, comprese anche alcuni grandi nomi della squadra russa. La prova femminile \u00e8 stata vinta proprio dalla forte fondista della Russia Yulia Stupak davanti a Caterina Ganz, vincitrice cos\u00ec del titolo italiano davanti alla biathleta Federica Sanfilippo e a Greta Laurent. Brava Cristina Pittin, al rientro dopo il grave infortunio di inizio anno, entrata in semifinale e sesta nella classifica degli italiani. Martina Di Centa \u00e8 uscita ai quarti, risultando la migliore delle U23 (anni 1999-2000-2001) e chiudendo settima nella prova assoluta.<br \/>\nIn campo maschile sfida stellare fra Federico Pellegrino e il russo Gleb Retivyhk, vinta dal campione azzurro. Sul podio tricolore anche Matteo Tanel e Simone Mocellini. Graz in semifinale si \u00e8 ritrovato contro proprio i due dominatori della gara, lottando alla grande e chiudendo cos\u00ec quarto assoluto, nonch\u00e9 re degli Under 23. Da segnalare anche il sedicesimo posto assoluto, 13\u00b0 agli Italiani, di Giuseppe Montello, da questa stagione spostatosi dal fondo al biathlon.<\/p>\n<p>Domenica dalle 9 le gare sulla distanza.<\/p>\n<p><a href=\"http:\/\/comitati.fisi.org\/friuli-venezia-giulia\/wp-content\/uploads\/sites\/34\/2021\/09\/Classifica-ufficiale-QLF-SEN.pdf\">Classifica Qualificazioni solo italiani<\/a><br \/>\n<a href=\"http:\/\/comitati.fisi.org\/friuli-venezia-giulia\/wp-content\/uploads\/sites\/34\/2021\/09\/Classifica-UFFICIOSA-QLF.pdf\">Classifica Qualificazioni tutti<\/a><br \/>\n<a href=\"http:\/\/comitati.fisi.org\/friuli-venezia-giulia\/wp-content\/uploads\/sites\/34\/2021\/09\/Classifica-ufficiale-tabellone-SENIOR.pdf\">Classifica finale solo italiani<\/a><br \/>\n<a href=\"http:\/\/comitati.fisi.org\/friuli-venezia-giulia\/wp-content\/uploads\/sites\/34\/2021\/09\/Classifica-UFFICIOSA-tabellone-GSF.pdf\">Classifica finale Senior femminile tutti<\/a><br \/>\n<a href=\"http:\/\/comitati.fisi.org\/friuli-venezia-giulia\/wp-content\/uploads\/sites\/34\/2021\/09\/Classifica-UFFICIOSA-tabellone-GSM.pdf\">Classifica\u00a0<\/a><a href=\"http:\/\/comitati.fisi.org\/friuli-venezia-giulia\/wp-content\/uploads\/sites\/34\/2021\/09\/Classifica-UFFICIOSA-tabellone-GSM.pdf\"> finale Senior maschile tutti<\/a><\/p>\n<p><a href=\"http:\/\/comitati.fisi.org\/friuli-venezia-giulia\/wp-content\/uploads\/sites\/34\/2021\/09\/5-9_Ordine-di-partenza.pdf\">Ordine di partenza gare distance<\/a><br \/>\n<a href=\"http:\/\/comitati.fisi.org\/friuli-venezia-giulia\/wp-content\/uploads\/sites\/34\/2021\/09\/Programma-gare-distance.pdf\">Programma gare distance<\/a><\/p>\n<p><span style=\"color: #ff0000\"><strong>MEDAGLIE CAMPIONATI ITALIANI ASSOLUTI E GIOVANILI 2021-2022 ATLETI FVG<\/strong><\/span><\/p>\n<p><span style=\"color: #ff9900\"><strong>ORO<br \/>\n<\/strong><\/span><strong>-MATTIA VARIOLA\u00a0 Bob a 2\u00a0 Estivi spinta\u00a0 Assoluti<br \/>\n-MATTIA VARIOLA\u00a0 Bob a 4\u00a0 Estivi spinta\u00a0 Assoluti<\/strong><span style=\"color: #ff9900\"><strong><br \/>\n<\/strong><\/span><strong>-MICHAEL GALASSI\u00a0 Skiroll\u00a0 Salita TC\u00a0 Assoluti<br \/>\n<\/strong>-MARTINA DI CENTA\u00a0 Skiroll\u00a0 Sprint\u00a0 U23<br \/>\n-DAVIDE GRAZ\u00a0 Skiroll\u00a0 Sprint\u00a0 U23<strong><br \/>\n<\/strong>-MARCO GAUDENZIO\u00a0 Skiroll\u00a0 Salita TC\u00a0 \u00a0U18<\/p>\n<p><span style=\"color: #808080\"><strong>ARGENTO<\/strong><\/span><br \/>\n-MARA GISMONDI\u00a0 Skiroll\u00a0 Sprint\u00a0 U18<\/p>\n<p><strong><span style=\"color: #993366\">BRONZO<\/span><\/strong><br \/>\n<strong>-TANIA VICENZINO\u00a0 Monobob\u00a0 Estivi Spinta\u00a0 Assoluti<\/strong><br \/>\n<strong>-COSTANTINO UGHI\u00a0 Bob a 4\u00a0 Estivi Spinta\u00a0 Assoluti<\/strong><\/p>\n<p>&nbsp;<\/p>\n","protected":false},"excerpt":{"rendered":"<p>Prima giornata di gare oggi alla Carnia Arena di Piani di Luzza<\/p>\n","protected":false},"author":4,"featured_media":80574,"comment_status":"closed","ping_status":"closed","sticky":false,"template":"","format":"standard","meta":{"_acf_changed":false,"footnotes":""},"categories":[10,11,23],"tags":[],"acf":[],"_links":{"self":[{"href":"https:\/\/comitati.fisi.org\/friuli-venezia-giulia\/wp-json\/wp\/v2\/posts\/80559"}],"collection":[{"href":"https:\/\/comitati.fisi.org\/friuli-venezia-giulia\/wp-json\/wp\/v2\/posts"}],"about":[{"href":"https:\/\/comitati.fisi.org\/friuli-venezia-giulia\/wp-json\/wp\/v2\/types\/post"}],"author":[{"embeddable":true,"href":"https:\/\/comitati.fisi.org\/friuli-venezia-giulia\/wp-json\/wp\/v2\/users\/4"}],"replies":[{"embeddable":true,"href":"https:\/\/comitati.fisi.org\/friuli-venezia-giulia\/wp-json\/wp\/v2\/comments?post=80559"}],"version-history":[{"count":0,"href":"https:\/\/comitati.fisi.org\/friuli-venezia-giulia\/wp-json\/wp\/v2\/posts\/80559\/revisions"}],"wp:featuredmedia":[{"embeddable":true,"href":"https:\/\/comitati.fisi.org\/friuli-venezia-giulia\/wp-json\/wp\/v2\/media\/80574"}],"wp:attachment":[{"href":"https:\/\/comitati.fisi.org\/friuli-venezia-giulia\/wp-json\/wp\/v2\/media?parent=80559"}],"wp:term":[{"taxonomy":"category","embeddable":true,"href":"https:\/\/comitati.fisi.org\/friuli-venezia-giulia\/wp-json\/wp\/v2\/categories?post=80559"},{"taxonomy":"post_tag","embeddable":true,"href":"https:\/\/comitati.fisi.org\/friuli-venezia-giulia\/wp-json\/wp\/v2\/tags?post=80559"}],"curies":[{"name":"wp","href":"https:\/\/api.w.org\/{rel}","templated":true}]}}