{"id":80526,"date":"2021-09-04T13:56:46","date_gmt":"2021-09-04T11:56:46","guid":{"rendered":"https:\/\/www.fisifvg.org\/?p=80526"},"modified":"2021-09-04T13:56:46","modified_gmt":"2021-09-04T11:56:46","slug":"maria-gismondi-argento-u18-agli-italiani-di-skiroll-di-forni-avoltri","status":"publish","type":"post","link":"https:\/\/comitati.fisi.org\/friuli-venezia-giulia\/blog\/2021\/09\/04\/maria-gismondi-argento-u18-agli-italiani-di-skiroll-di-forni-avoltri\/","title":{"rendered":"Maria Gismondi argento U18 agli Italiani di skiroll di Forni Avoltri"},"content":{"rendered":"<p>Prima giornata di gare alla Carnia Arena International Biathlon Centre di Forni Avoltri per l\u2019Alpe Adria Summer Nordic Festival 2021, competizione valevole per i Campionati Italiani Estivi sprint e distance di sci di fondo e skiroll\u00a0e prima prova dei circuiti invernali di\u00a0Coppa Italia Gamma e Coppa Italia Giovani Rode.<\/p>\n<p>Oggi le prove sprint, che hanno visto Maria Gismondi della squadra FISI FVG, aggregata da questa stagione alle Fiamme Oro dopo le stagioni al Bachmann, chiudere seconda U18 alle spalle della fortissima Iris De Martin del Cs Carabinieri. La finale a 4 era per met\u00e0 FISI FVG, perch\u00e9 quarta, alle spalle dell&#8217;emiliana Anna Maria Ghiddi, si \u00e8 piazzata la biathleta Maya Pividori della Monte Coglians; niente male davvero. Bene anche Aurora Morassi della Timaucleulis, giunta fino alla semifinale e ottava in classifica, mentre Aurora Baron dell&#8217;Aldo Moro ha chiuso quindicesima.<\/p>\n<p><strong>LA FASE CONCLUSIVA DELLA PROVA U18 FEMMINILE<\/strong><\/p>\n<div class=\"x-resp-embed x-is-video x-is-youtube\"><iframe loading=\"lazy\" title=\"Campionati Italiani Skiroll: ultima fase della finale U18 femminile\" width=\"500\" height=\"281\" src=\"https:\/\/www.youtube.com\/embed\/B2qzQZeD_QA?feature=oembed\" frameborder=\"0\" allow=\"accelerometer; autoplay; clipboard-write; encrypted-media; gyroscope; picture-in-picture; web-share\" referrerpolicy=\"strict-origin-when-cross-origin\" allowfullscreen><\/iframe><\/div>\n<p>Negli U18 maschili bella prestazione di Marco Gaudenzio del Bachmann, giunto fino alla semifinale e alla fine quinto nella prova vinta dal lombardo Aksel Artusid davanti a Davide Ghio del GS Fiamme Gialle e al piemontese Gabriele Rigaudo. Avevano ottenuto l&#8217;accesso ai quarti anche Alex Perissutti della Fornese (10\u00b0 in classifica) e Federico Flora della Timaucleulis (11\u00b0).<\/p>\n<p>Nelle U20 vince Lucia Isonni dell&#8217;Esercito davanti a Nadine Laurent della Fiamme Oro e Veronica Silvestri delle Fiamme Gialle. Decima Karin Puntel dell&#8217;Aldo Moro.<\/p>\n<p>Infine gli U20 maschile, con la vittoria del bellunese delle Fiamme Gialle Elia Barp davanti a Benjamin Schwingshackl dei Carabinieri e a Andrea Zorzi, ancora delle Fiamme Gialle. Nono posto per il tarvisiano Andrea Gartner, quindicesimo Pietro Pallober della Monte Coglians.<\/p>\n<p><a href=\"https:\/\/www.fisifvg.org\/2021\/09\/04\/la-sprint-u23-di-skiroll-e-tutta-fvg-oro-a-martina-di-centa-e-davide-graz\/\">Nel pomeriggio si sono disputate le prove Seniores<\/a>.<\/p>\n<p>La due giorni carnica si concluder\u00e0 domenica 5 settembre dalle 9 con le prove distance.<\/p>\n<p><a href=\"http:\/\/comitati.fisi.org\/friuli-venezia-giulia\/wp-content\/uploads\/sites\/34\/2021\/09\/Classifica-ufficiale-QUALIFICHE.pdf\">Classifica ufficiale QUALIFICHE<\/a><br \/>\n<a href=\"http:\/\/comitati.fisi.org\/friuli-venezia-giulia\/wp-content\/uploads\/sites\/34\/2021\/09\/Classifica-ufficiale-TABELLONE.pdf\">Classifica ufficiale TABELLONE<\/a><\/p>\n<p><a href=\"http:\/\/comitati.fisi.org\/friuli-venezia-giulia\/wp-content\/uploads\/sites\/34\/2021\/09\/5-9_Ordine-di-partenza.pdf\">Ordine di partenza gare distance<\/a><br \/>\n<a href=\"http:\/\/comitati.fisi.org\/friuli-venezia-giulia\/wp-content\/uploads\/sites\/34\/2021\/09\/Programma-gare-distance.pdf\">Programma gare distance<\/a><\/p>\n<p><em><strong>(nella foto il podio delle U18, con Maria Gismondi a sinistra, pettorale 3)<\/strong><\/em><\/p>\n<p><span style=\"color: #ff0000\"><strong>MEDAGLIE CAMPIONATI ITALIANI ASSOLUTI E GIOVANILI 2021-2022 ATLETI FVG<\/strong><\/span><\/p>\n<p><span style=\"color: #ff9900\"><strong>ORO<br \/>\n<\/strong><\/span><strong>-MATTIA VARIOLA\u00a0 Bob a 2\u00a0 Estivi spinta\u00a0 Assoluti<br \/>\n-MATTIA VARIOLA\u00a0 Bob a 4\u00a0 Estivi spinta\u00a0 Assoluti<\/strong><span style=\"color: #ff9900\"><strong><br \/>\n<\/strong><\/span><strong>-MICHAEL GALASSI\u00a0 Skiroll\u00a0 Salita TC\u00a0 Assoluti<br \/>\n<\/strong>-MARTINA DI CENTA\u00a0 Skiroll\u00a0 Sprint\u00a0 U23<br \/>\n-DAVIDE GRAZ\u00a0 Skiroll\u00a0 Sprint\u00a0 U23<strong><br \/>\n<\/strong>-MARCO GAUDENZIO\u00a0 Skiroll\u00a0 Salita TC\u00a0 \u00a0U18<\/p>\n<p><span style=\"color: #808080\"><strong>ARGENTO<\/strong><\/span><br \/>\n-MARA GISMONDI\u00a0 Skiroll\u00a0 Sprint\u00a0 U18<\/p>\n<p><strong><span style=\"color: #993366\">BRONZO<\/span><\/strong><br \/>\n<strong>-TANIA VICENZINO\u00a0 Monobob\u00a0 Estivi Spinta\u00a0 Assoluti<\/strong><br \/>\n<strong>-COSTANTINO UGHI\u00a0 Bob a 4\u00a0 Estivi Spinta\u00a0 Assoluti<\/strong><\/p>\n<p>&nbsp;<\/p>\n","protected":false},"excerpt":{"rendered":"<p>La sprint ha aperto la due giorni tricolore alla Carnia Arena di Piani di Luzza<\/p>\n","protected":false},"author":4,"featured_media":80539,"comment_status":"closed","ping_status":"closed","sticky":false,"template":"","format":"standard","meta":{"_acf_changed":false,"footnotes":""},"categories":[10,11,23],"tags":[],"acf":[],"_links":{"self":[{"href":"https:\/\/comitati.fisi.org\/friuli-venezia-giulia\/wp-json\/wp\/v2\/posts\/80526"}],"collection":[{"href":"https:\/\/comitati.fisi.org\/friuli-venezia-giulia\/wp-json\/wp\/v2\/posts"}],"about":[{"href":"https:\/\/comitati.fisi.org\/friuli-venezia-giulia\/wp-json\/wp\/v2\/types\/post"}],"author":[{"embeddable":true,"href":"https:\/\/comitati.fisi.org\/friuli-venezia-giulia\/wp-json\/wp\/v2\/users\/4"}],"replies":[{"embeddable":true,"href":"https:\/\/comitati.fisi.org\/friuli-venezia-giulia\/wp-json\/wp\/v2\/comments?post=80526"}],"version-history":[{"count":0,"href":"https:\/\/comitati.fisi.org\/friuli-venezia-giulia\/wp-json\/wp\/v2\/posts\/80526\/revisions"}],"wp:featuredmedia":[{"embeddable":true,"href":"https:\/\/comitati.fisi.org\/friuli-venezia-giulia\/wp-json\/wp\/v2\/media\/80539"}],"wp:attachment":[{"href":"https:\/\/comitati.fisi.org\/friuli-venezia-giulia\/wp-json\/wp\/v2\/media?parent=80526"}],"wp:term":[{"taxonomy":"category","embeddable":true,"href":"https:\/\/comitati.fisi.org\/friuli-venezia-giulia\/wp-json\/wp\/v2\/categories?post=80526"},{"taxonomy":"post_tag","embeddable":true,"href":"https:\/\/comitati.fisi.org\/friuli-venezia-giulia\/wp-json\/wp\/v2\/tags?post=80526"}],"curies":[{"name":"wp","href":"https:\/\/api.w.org\/{rel}","templated":true}]}}