{"id":80502,"date":"2021-09-02T13:22:56","date_gmt":"2021-09-02T11:22:56","guid":{"rendered":"https:\/\/www.fisifvg.org\/?p=80502"},"modified":"2021-09-02T13:22:56","modified_gmt":"2021-09-02T11:22:56","slug":"pellegrino-de-fabiani-e-i-big-del-fondo-russo-ospiti-di-sappada","status":"publish","type":"post","link":"https:\/\/comitati.fisi.org\/friuli-venezia-giulia\/blog\/2021\/09\/02\/pellegrino-de-fabiani-e-i-big-del-fondo-russo-ospiti-di-sappada\/","title":{"rendered":"Pellegrino, De Fabiani e i big del fondo russo ospiti di Forni Avoltri e Sappada"},"content":{"rendered":"<p>Settimo blocco di lavoro estivo per Federico Pellegrino e Francesco De Fabiani insieme al gruppo di lavoro guidato dal tecnico tedesco Markus Cramer e che comprende i quattro fondisti russi Gleb Retivych, Sergej Ustjugov, Artem Maltsev ed Evgeniy Belov.<\/p>\n<p>Dopo i raduni di\u00a0 Ramsau (Aut), Otepaa (Est), Torsby (Sve), Obertilliach (Aut), Seefeld (Aut) e Passo Lavaz\u00e8 (Ita), toccher\u00e0 a Forni Avoltri ospitare gli allenamenti dei due azzurri di Coppa del mondo da venerd\u00ec 3 a domenica 5 settembre, con il gruppo che allogger\u00e0 a Sappada. Ad accompagnarli, come sempre, ci saranno il tecnico Francois Ronc Cella e il fisioterapista Christophe Savoye.<\/p>\n<p>La prima prova della stagione di Coppa del mondo \u00e8 in programma a Ruka (Fin) nel weekend del 26-28 novembre. Si comincia nella prima giornata con le sprint a tecnica classica maschile e femminile, mentre nella giornata di sabato 27 sar\u00e0 la volta della 10 km femminile e della 15 km maschile a passo alternato. Chiusura domenica 28 con la 15 km ad inseguimento maschile e la 10 km femminile in tecnica libera.<\/p>\n","protected":false},"excerpt":{"rendered":"<p>Si tratta del gruppo di lavoro guidato dal tecnico tedesco Markus Cramer<\/p>\n","protected":false},"author":4,"featured_media":50149,"comment_status":"closed","ping_status":"closed","sticky":false,"template":"","format":"standard","meta":{"_acf_changed":false,"footnotes":""},"categories":[10,11],"tags":[],"acf":[],"_links":{"self":[{"href":"https:\/\/comitati.fisi.org\/friuli-venezia-giulia\/wp-json\/wp\/v2\/posts\/80502"}],"collection":[{"href":"https:\/\/comitati.fisi.org\/friuli-venezia-giulia\/wp-json\/wp\/v2\/posts"}],"about":[{"href":"https:\/\/comitati.fisi.org\/friuli-venezia-giulia\/wp-json\/wp\/v2\/types\/post"}],"author":[{"embeddable":true,"href":"https:\/\/comitati.fisi.org\/friuli-venezia-giulia\/wp-json\/wp\/v2\/users\/4"}],"replies":[{"embeddable":true,"href":"https:\/\/comitati.fisi.org\/friuli-venezia-giulia\/wp-json\/wp\/v2\/comments?post=80502"}],"version-history":[{"count":0,"href":"https:\/\/comitati.fisi.org\/friuli-venezia-giulia\/wp-json\/wp\/v2\/posts\/80502\/revisions"}],"wp:featuredmedia":[{"embeddable":true,"href":"https:\/\/comitati.fisi.org\/friuli-venezia-giulia\/wp-json\/wp\/v2\/media\/50149"}],"wp:attachment":[{"href":"https:\/\/comitati.fisi.org\/friuli-venezia-giulia\/wp-json\/wp\/v2\/media?parent=80502"}],"wp:term":[{"taxonomy":"category","embeddable":true,"href":"https:\/\/comitati.fisi.org\/friuli-venezia-giulia\/wp-json\/wp\/v2\/categories?post=80502"},{"taxonomy":"post_tag","embeddable":true,"href":"https:\/\/comitati.fisi.org\/friuli-venezia-giulia\/wp-json\/wp\/v2\/tags?post=80502"}],"curies":[{"name":"wp","href":"https:\/\/api.w.org\/{rel}","templated":true}]}}