{"id":80492,"date":"2021-09-03T11:01:18","date_gmt":"2021-09-03T09:01:18","guid":{"rendered":"https:\/\/www.fisifvg.org\/?p=80492"},"modified":"2021-09-03T11:01:18","modified_gmt":"2021-09-03T09:01:18","slug":"godino-e-gli-altri-azzurri-dello-sbx-si-allenano-a-tirrenia","status":"publish","type":"post","link":"https:\/\/comitati.fisi.org\/friuli-venezia-giulia\/blog\/2021\/09\/03\/godino-e-gli-altri-azzurri-dello-sbx-si-allenano-a-tirrenia\/","title":{"rendered":"Godino e gli altri azzurri dello sbx si allenano a Tirrenia"},"content":{"rendered":"<p>Nella localit\u00e0 toscana di Tirrenia si cimenteranno gli specialisti azzurri dello snowboardcross da luned\u00ec 6 a venerd\u00ec 10 settembre.<\/p>\n<p>Al centro di preparazione CONI, presenti i tecnici Luca e Stefano Pozzolini, si alleneranno Matteo Menconi, <strong>Michele Godino <em>(nella foto)<\/em><\/strong>, Francesca Gallina, Tommaso Leoni, Filippo Ferrari, Caterina Carpano, Omar Visintin, Michela Moioli e Sofia Berlingheri.<\/p>\n","protected":false},"excerpt":{"rendered":"<p>Le squadre azzurre al lavoro dal 6 al 10 settembre<\/p>\n","protected":false},"author":4,"featured_media":55431,"comment_status":"closed","ping_status":"closed","sticky":false,"template":"","format":"standard","meta":{"_acf_changed":false,"footnotes":""},"categories":[10,18],"tags":[],"acf":[],"_links":{"self":[{"href":"https:\/\/comitati.fisi.org\/friuli-venezia-giulia\/wp-json\/wp\/v2\/posts\/80492"}],"collection":[{"href":"https:\/\/comitati.fisi.org\/friuli-venezia-giulia\/wp-json\/wp\/v2\/posts"}],"about":[{"href":"https:\/\/comitati.fisi.org\/friuli-venezia-giulia\/wp-json\/wp\/v2\/types\/post"}],"author":[{"embeddable":true,"href":"https:\/\/comitati.fisi.org\/friuli-venezia-giulia\/wp-json\/wp\/v2\/users\/4"}],"replies":[{"embeddable":true,"href":"https:\/\/comitati.fisi.org\/friuli-venezia-giulia\/wp-json\/wp\/v2\/comments?post=80492"}],"version-history":[{"count":0,"href":"https:\/\/comitati.fisi.org\/friuli-venezia-giulia\/wp-json\/wp\/v2\/posts\/80492\/revisions"}],"wp:featuredmedia":[{"embeddable":true,"href":"https:\/\/comitati.fisi.org\/friuli-venezia-giulia\/wp-json\/wp\/v2\/media\/55431"}],"wp:attachment":[{"href":"https:\/\/comitati.fisi.org\/friuli-venezia-giulia\/wp-json\/wp\/v2\/media?parent=80492"}],"wp:term":[{"taxonomy":"category","embeddable":true,"href":"https:\/\/comitati.fisi.org\/friuli-venezia-giulia\/wp-json\/wp\/v2\/categories?post=80492"},{"taxonomy":"post_tag","embeddable":true,"href":"https:\/\/comitati.fisi.org\/friuli-venezia-giulia\/wp-json\/wp\/v2\/tags?post=80492"}],"curies":[{"name":"wp","href":"https:\/\/api.w.org\/{rel}","templated":true}]}}