{"id":80452,"date":"2021-08-30T14:11:43","date_gmt":"2021-08-30T12:11:43","guid":{"rendered":"https:\/\/www.fisifvg.org\/?p=80452"},"modified":"2021-08-30T14:11:43","modified_gmt":"2021-08-30T12:11:43","slug":"greta-pinzani-esordisce-nel-grand-prix-la-coppa-del-mondo-estiva-di-combinata","status":"publish","type":"post","link":"https:\/\/comitati.fisi.org\/friuli-venezia-giulia\/blog\/2021\/08\/30\/greta-pinzani-esordisce-nel-grand-prix-la-coppa-del-mondo-estiva-di-combinata\/","title":{"rendered":"Greta Pinzani esordisce nel Grand Prix, la Coppa del Mondo estiva di combinata"},"content":{"rendered":"<p>Sono due gli appuntamenti ravvicinati con il Summer Grand Prix di combinata nordica.<\/p>\n<p>Si comincia mercoled\u00ec 1 settembre con la disputa della Gundersen di Oberwiesenthal riservata sia agli uomini che alle donne, che vedr\u00e0 al via nel provisional round di marted\u00ec 31 agosto Veronica Gianmoena, Annika Sieff, Samuel Costa, Domenico Mariotti e Aaron Kostner.<\/p>\n<p>Si proseguir\u00e0 a Villach (Aut) con due gare sabato 4 e domenica 5 settembre, precedute venerd\u00ec 3 dal provisional round con Veronica Gianmoena, Lena Prinoth, <strong>Greta Pinzani<\/strong>, Annika Sieff, Samuel Costa, Domenico Mariotti e <strong>Raffaele Buzzi<\/strong>, accompagnati dai tecnici Ivan Lunardi, Enrico Nizzi, Ivo Pertile e <strong>Simone Pinzani.<\/strong><\/p>\n","protected":false},"excerpt":{"rendered":"<p>A Villach dal 3 al 5 settembre ci sar\u00e0 anche l&#8217;altro tarvisiano Raffaele Buzzi <\/p>\n","protected":false},"author":4,"featured_media":80400,"comment_status":"closed","ping_status":"closed","sticky":false,"template":"","format":"standard","meta":{"_acf_changed":false,"footnotes":""},"categories":[14,10],"tags":[],"acf":[],"_links":{"self":[{"href":"https:\/\/comitati.fisi.org\/friuli-venezia-giulia\/wp-json\/wp\/v2\/posts\/80452"}],"collection":[{"href":"https:\/\/comitati.fisi.org\/friuli-venezia-giulia\/wp-json\/wp\/v2\/posts"}],"about":[{"href":"https:\/\/comitati.fisi.org\/friuli-venezia-giulia\/wp-json\/wp\/v2\/types\/post"}],"author":[{"embeddable":true,"href":"https:\/\/comitati.fisi.org\/friuli-venezia-giulia\/wp-json\/wp\/v2\/users\/4"}],"replies":[{"embeddable":true,"href":"https:\/\/comitati.fisi.org\/friuli-venezia-giulia\/wp-json\/wp\/v2\/comments?post=80452"}],"version-history":[{"count":0,"href":"https:\/\/comitati.fisi.org\/friuli-venezia-giulia\/wp-json\/wp\/v2\/posts\/80452\/revisions"}],"wp:featuredmedia":[{"embeddable":true,"href":"https:\/\/comitati.fisi.org\/friuli-venezia-giulia\/wp-json\/wp\/v2\/media\/80400"}],"wp:attachment":[{"href":"https:\/\/comitati.fisi.org\/friuli-venezia-giulia\/wp-json\/wp\/v2\/media?parent=80452"}],"wp:term":[{"taxonomy":"category","embeddable":true,"href":"https:\/\/comitati.fisi.org\/friuli-venezia-giulia\/wp-json\/wp\/v2\/categories?post=80452"},{"taxonomy":"post_tag","embeddable":true,"href":"https:\/\/comitati.fisi.org\/friuli-venezia-giulia\/wp-json\/wp\/v2\/tags?post=80452"}],"curies":[{"name":"wp","href":"https:\/\/api.w.org\/{rel}","templated":true}]}}