{"id":80364,"date":"2021-08-26T12:50:59","date_gmt":"2021-08-26T10:50:59","guid":{"rendered":"https:\/\/www.fisifvg.org\/?p=80364"},"modified":"2021-08-26T12:50:59","modified_gmt":"2021-08-26T10:50:59","slug":"anche-emanuele-buzzi-al-super-raduno-azzurro-di-saas-fee","status":"publish","type":"post","link":"https:\/\/comitati.fisi.org\/friuli-venezia-giulia\/blog\/2021\/08\/26\/anche-emanuele-buzzi-al-super-raduno-azzurro-di-saas-fee\/","title":{"rendered":"Anche Emanuele Buzzi al super raduno azzurro di Saas Fee"},"content":{"rendered":"<p>Saas Fee, la localit\u00e0 del Vallese incastonata sulle Alpi, ospiter\u00e0 le Nazionali azzurre per una settimana di intenso lavoro sugli sci. La prossima settimana, a partire da luned\u00ec 30 agosto, quasi tutte le squadre maggiori saranno impegnate in Svizzera.<br \/>\nCi saranno Marta Bassino e Sofia Goggia che si fermeranno fino al 9 settembre approfittando del meteo favorevole. Il gruppo di lavoro sar\u00e0 guidato da Gianluca Rulfi, con Luigi Devizzi, Daniele Simoncelli e Marcello Tavola, oltre agli skimen Barnaba Greppi e Gianluca Petrulli. Ci sar\u00e0 anche Federica Brignone, in compagnia dello skiman Mauro Sbardellotto, che per\u00f2 terminer\u00e0 il suo impegno il 5 settembre.<\/p>\n<p>Per quanto riguarda i maschi, ci saranno i gigantisti Riccardo Tonetti, Luca De Aliprandini, Giovanni Borsotti e Hannes Zingerle. A guidare il training, che terminer\u00e0 il 5 settembre, sar\u00e0 il dt Roberto Lorenzi, con Marco Maffei, Giancarlo Bergamelli, Walter Girardi, Antonio Ricco e Matteo Gasparini. Presenti anche gli skimen Vittorio Boggian e Patrick Dorfmann.<\/p>\n<p>Dal 30 al 5 saranno impegnati anche gli slalomisti Alex Vinatzer, Simon Maurberger, Tommaso Sala, Stefano Gross e Manfred Moelgg. Guider\u00e0 l\u2019allenamento Jacques Theolier, con Stefano Costazza, Fabio Bianco Dolino, Fabio Motalli, Luca Vuerich e Luca Valenti. Con loro anche gli skimen Michael Moelgg e Roland Schneeberger.<\/p>\n<p>Per terminare con i velocisti di Coppa del mondo: Dominik Paris, Christof Innerhofer, Mattia Casse ed <strong>Emanuele Buzzi <em>(nella foto)<\/em><\/strong> che arriveranno il 31 agosto e si fermeranno fino al 6 settembre. Lo staff sar\u00e0 guidato dal dt Alberto Ghidoni, con Christian Corradino, Raimund Plancker, Giuseppe Abruzzini, Michael Gufler, Valter Ronconi, Luis Kuppelwieser, Mattia Lavelli. Presenti gli skimen Ales Kalamar e Josef Zanon.<\/p>\n","protected":false},"excerpt":{"rendered":"<p>Ben 16 atleti e atlete top dello sci alpino per una settimana nella localit\u00e0 del Vallese<\/p>\n","protected":false},"author":4,"featured_media":72650,"comment_status":"closed","ping_status":"closed","sticky":false,"template":"","format":"standard","meta":{"_acf_changed":false,"footnotes":""},"categories":[10,15],"tags":[],"acf":[],"_links":{"self":[{"href":"https:\/\/comitati.fisi.org\/friuli-venezia-giulia\/wp-json\/wp\/v2\/posts\/80364"}],"collection":[{"href":"https:\/\/comitati.fisi.org\/friuli-venezia-giulia\/wp-json\/wp\/v2\/posts"}],"about":[{"href":"https:\/\/comitati.fisi.org\/friuli-venezia-giulia\/wp-json\/wp\/v2\/types\/post"}],"author":[{"embeddable":true,"href":"https:\/\/comitati.fisi.org\/friuli-venezia-giulia\/wp-json\/wp\/v2\/users\/4"}],"replies":[{"embeddable":true,"href":"https:\/\/comitati.fisi.org\/friuli-venezia-giulia\/wp-json\/wp\/v2\/comments?post=80364"}],"version-history":[{"count":0,"href":"https:\/\/comitati.fisi.org\/friuli-venezia-giulia\/wp-json\/wp\/v2\/posts\/80364\/revisions"}],"wp:featuredmedia":[{"embeddable":true,"href":"https:\/\/comitati.fisi.org\/friuli-venezia-giulia\/wp-json\/wp\/v2\/media\/72650"}],"wp:attachment":[{"href":"https:\/\/comitati.fisi.org\/friuli-venezia-giulia\/wp-json\/wp\/v2\/media?parent=80364"}],"wp:term":[{"taxonomy":"category","embeddable":true,"href":"https:\/\/comitati.fisi.org\/friuli-venezia-giulia\/wp-json\/wp\/v2\/categories?post=80364"},{"taxonomy":"post_tag","embeddable":true,"href":"https:\/\/comitati.fisi.org\/friuli-venezia-giulia\/wp-json\/wp\/v2\/tags?post=80364"}],"curies":[{"name":"wp","href":"https:\/\/api.w.org\/{rel}","templated":true}]}}