{"id":80305,"date":"2021-08-21T16:53:36","date_gmt":"2021-08-21T14:53:36","guid":{"rendered":"https:\/\/www.fisifvg.org\/?p=80305"},"modified":"2021-08-21T16:53:36","modified_gmt":"2021-08-21T14:53:36","slug":"i-risultati-dei-test-agonistici-della-squadra-di-comitato-di-biathlon","status":"publish","type":"post","link":"https:\/\/comitati.fisi.org\/friuli-venezia-giulia\/blog\/2021\/08\/21\/i-risultati-dei-test-agonistici-della-squadra-di-comitato-di-biathlon\/","title":{"rendered":"I risultati dei test agonistici della squadra di Comitato di biathlon"},"content":{"rendered":"<p>Doppio test oggi alla Carnia Arena di Piani di Luzza per la squadra di Comitato di biathlon.<\/p>\n<p><a href=\"http:\/\/comitati.fisi.org\/friuli-venezia-giulia\/wp-content\/uploads\/sites\/34\/2021\/08\/dddddd.jpeg\"><img loading=\"lazy\" decoding=\"async\" class=\"alignright size-thumbnail wp-image-80314\" src=\"http:\/\/comitati.fisi.org\/friuli-venezia-giulia\/wp-content\/uploads\/sites\/34\/2021\/08\/dddddd-400x400.jpeg\" alt=\"\" width=\"400\" height=\"400\" \/><\/a>Nella 3.6 km sprint maschile si \u00e8 imposto Cesare Lozza della Fornese davanti a Pietro Pallober della Monte Coglians e a Alex Perissutti ancora della Fornese.<\/p>\n<p>Nella 3.2 km sprint femminile la pi\u00f9 veloce \u00e8 stata Giada Monegato della Monte Coglians, che ha preceduto la compagna di squadra Maya Pividori e Desire\u00e8 Ribbi dei Camosci.<\/p>\n<p>Nella 6.5 km ad inseguimento maschile Pallober ha preceduto Perissutti e Lozza, mentre nella 3.2 km femminile bis della Monegato, seguita da Sofia Del Fabbro della Monte Coglians e da Sophia Polo della Fornese.<\/p>\n<p>Nel video sotto alle classifiche il momento in cui Pietro Pallober allunga su Alex Perissutti nell&#8217;inseguimento.<\/p>\n<div id='gallery-1' class='gallery galleryid-80305 gallery-columns-1 gallery-size-large'><dl class='gallery-item'>\n\t\t\t<dt class='gallery-icon landscape'>\n\t\t\t\t<a href='https:\/\/comitati.fisi.org\/friuli-venezia-giulia\/blog\/2021\/08\/21\/i-risultati-dei-test-agonistici-della-squadra-di-comitato-di-biathlon\/whatsapp-image-2021-08-21-at-16-36-57-1\/'><img loading=\"lazy\" decoding=\"async\" width=\"1024\" height=\"768\" src=\"https:\/\/comitati.fisi.org\/friuli-venezia-giulia\/wp-content\/uploads\/sites\/34\/2021\/08\/WhatsApp-Image-2021-08-21-at-16.36.57-1-rotated-1.jpeg\" class=\"attachment-large size-large\" alt=\"\" aria-describedby=\"gallery-1-80306\" srcset=\"https:\/\/comitati.fisi.org\/friuli-venezia-giulia\/wp-content\/uploads\/sites\/34\/2021\/08\/WhatsApp-Image-2021-08-21-at-16.36.57-1-rotated-1.jpeg 1024w, https:\/\/comitati.fisi.org\/friuli-venezia-giulia\/wp-content\/uploads\/sites\/34\/2021\/08\/WhatsApp-Image-2021-08-21-at-16.36.57-1-rotated-1-300x225.jpeg 300w, https:\/\/comitati.fisi.org\/friuli-venezia-giulia\/wp-content\/uploads\/sites\/34\/2021\/08\/WhatsApp-Image-2021-08-21-at-16.36.57-1-rotated-1-768x576.jpeg 768w\" sizes=\"(max-width: 1024px) 100vw, 1024px\" \/><\/a>\n\t\t\t<\/dt>\n\t\t\t\t<dd class='wp-caption-text gallery-caption' id='gallery-1-80306'>\n\t\t\t\tCLASSIFICHE SPRINT\n\t\t\t\t<\/dd><\/dl><dl class='gallery-item'>\n\t\t\t<dt class='gallery-icon landscape'>\n\t\t\t\t<a href='https:\/\/comitati.fisi.org\/friuli-venezia-giulia\/blog\/2021\/08\/21\/i-risultati-dei-test-agonistici-della-squadra-di-comitato-di-biathlon\/whatsapp-image-2021-08-21-at-16-36-57\/'><img loading=\"lazy\" decoding=\"async\" width=\"1024\" height=\"768\" src=\"https:\/\/comitati.fisi.org\/friuli-venezia-giulia\/wp-content\/uploads\/sites\/34\/2021\/08\/WhatsApp-Image-2021-08-21-at-16.36.57-rotated-1.jpeg\" class=\"attachment-large size-large\" alt=\"\" aria-describedby=\"gallery-1-80307\" srcset=\"https:\/\/comitati.fisi.org\/friuli-venezia-giulia\/wp-content\/uploads\/sites\/34\/2021\/08\/WhatsApp-Image-2021-08-21-at-16.36.57-rotated-1.jpeg 1024w, https:\/\/comitati.fisi.org\/friuli-venezia-giulia\/wp-content\/uploads\/sites\/34\/2021\/08\/WhatsApp-Image-2021-08-21-at-16.36.57-rotated-1-300x225.jpeg 300w, https:\/\/comitati.fisi.org\/friuli-venezia-giulia\/wp-content\/uploads\/sites\/34\/2021\/08\/WhatsApp-Image-2021-08-21-at-16.36.57-rotated-1-768x576.jpeg 768w\" sizes=\"(max-width: 1024px) 100vw, 1024px\" \/><\/a>\n\t\t\t<\/dt>\n\t\t\t\t<dd class='wp-caption-text gallery-caption' id='gallery-1-80307'>\n\t\t\t\tCLASSIFICHE INSEGUIMENTO\n\t\t\t\t<\/dd><\/dl>\n\t\t<\/div>\n\n<!--[if lt IE 9]><script>document.createElement('video');<\/script><![endif]-->\n\t<div class=\"wp-playlist wp-video-playlist wp-playlist-light\">\n\t\t<video controls=\"controls\" preload=\"none\" width=\"640\"\n\t\t height=\"362\"\t><\/video>\n\t<div class=\"wp-playlist-next\"><\/div>\n\t<div class=\"wp-playlist-prev\"><\/div>\n\t<noscript>\n\t<ol>\n\t\t<li><a href='https:\/\/comitati.fisi.org\/friuli-venezia-giulia\/wp-content\/uploads\/sites\/34\/2021\/08\/WhatsApp-Video-2021-08-21-at-16.43.52.mp4'>WhatsApp-Video-2021-08-21-at-16.43.52<\/a><\/li>\t<\/ol>\n\t<\/noscript>\n\t<script type=\"application\/json\" class=\"wp-playlist-script\">{\"type\":\"video\",\"tracklist\":true,\"tracknumbers\":true,\"images\":true,\"artists\":true,\"tracks\":[{\"src\":\"https:\\\/\\\/comitati.fisi.org\\\/friuli-venezia-giulia\\\/wp-content\\\/uploads\\\/sites\\\/34\\\/2021\\\/08\\\/WhatsApp-Video-2021-08-21-at-16.43.52.mp4\",\"type\":\"video\\\/mp4\",\"title\":\"\",\"caption\":\"SFIDA PALLOBER-PERISSUTTI NELL'INSEGUIMENTO\",\"description\":\"\",\"meta\":{\"length_formatted\":\"0:48\"},\"dimensions\":{\"original\":{\"width\":848,\"height\":480},\"resized\":{\"width\":640,\"height\":362}},\"image\":{\"src\":\"https:\\\/\\\/comitati.fisi.org\\\/friuli-venezia-giulia\\\/wp-includes\\\/images\\\/media\\\/video.svg\",\"width\":48,\"height\":64},\"thumb\":{\"src\":\"https:\\\/\\\/comitati.fisi.org\\\/friuli-venezia-giulia\\\/wp-includes\\\/images\\\/media\\\/video.svg\",\"width\":48,\"height\":64}}]}<\/script>\n<\/div>\n\t\n<p>&nbsp;<\/p>\n","protected":false},"excerpt":{"rendered":"<p>Mini sprint e inseguimento oggi alla Carnia Arena di Piani di Luzza<\/p>\n","protected":false},"author":4,"featured_media":80313,"comment_status":"closed","ping_status":"closed","sticky":false,"template":"","format":"standard","meta":{"_acf_changed":false,"footnotes":""},"categories":[13,10],"tags":[],"acf":[],"_links":{"self":[{"href":"https:\/\/comitati.fisi.org\/friuli-venezia-giulia\/wp-json\/wp\/v2\/posts\/80305"}],"collection":[{"href":"https:\/\/comitati.fisi.org\/friuli-venezia-giulia\/wp-json\/wp\/v2\/posts"}],"about":[{"href":"https:\/\/comitati.fisi.org\/friuli-venezia-giulia\/wp-json\/wp\/v2\/types\/post"}],"author":[{"embeddable":true,"href":"https:\/\/comitati.fisi.org\/friuli-venezia-giulia\/wp-json\/wp\/v2\/users\/4"}],"replies":[{"embeddable":true,"href":"https:\/\/comitati.fisi.org\/friuli-venezia-giulia\/wp-json\/wp\/v2\/comments?post=80305"}],"version-history":[{"count":0,"href":"https:\/\/comitati.fisi.org\/friuli-venezia-giulia\/wp-json\/wp\/v2\/posts\/80305\/revisions"}],"wp:featuredmedia":[{"embeddable":true,"href":"https:\/\/comitati.fisi.org\/friuli-venezia-giulia\/wp-json\/wp\/v2\/media\/80313"}],"wp:attachment":[{"href":"https:\/\/comitati.fisi.org\/friuli-venezia-giulia\/wp-json\/wp\/v2\/media?parent=80305"}],"wp:term":[{"taxonomy":"category","embeddable":true,"href":"https:\/\/comitati.fisi.org\/friuli-venezia-giulia\/wp-json\/wp\/v2\/categories?post=80305"},{"taxonomy":"post_tag","embeddable":true,"href":"https:\/\/comitati.fisi.org\/friuli-venezia-giulia\/wp-json\/wp\/v2\/tags?post=80305"}],"curies":[{"name":"wp","href":"https:\/\/api.w.org\/{rel}","templated":true}]}}