{"id":80274,"date":"2021-08-17T10:41:14","date_gmt":"2021-08-17T08:41:14","guid":{"rendered":"https:\/\/www.fisifvg.org\/?p=80274"},"modified":"2021-08-17T10:41:14","modified_gmt":"2021-08-17T08:41:14","slug":"una-settimana-di-raduno-azzurro-a-obertilliach-per-luca-sclisizzo","status":"publish","type":"post","link":"https:\/\/comitati.fisi.org\/friuli-venezia-giulia\/blog\/2021\/08\/17\/una-settimana-di-raduno-azzurro-a-obertilliach-per-luca-sclisizzo\/","title":{"rendered":"Una settimana di raduno azzurro a Obertilliach per Luca Sclisizzo"},"content":{"rendered":"<p>Il direttore tecnico dello sci di fondo azzurro Alfred Stauder ha convocato quattordici atleti della squadra giovani\/junior maschile e femminile per il raduno stabilito a Obertilliach (Aut) da mercoled\u00ec 18 a mercoled\u00ec 25 agosto, che sar\u00e0 guidato dai tecnici Luciano Cardini, Michela Andreola e Fabio Pasini.<\/p>\n<p>Ecco i nomi: Alessandro Chiocchetti, Nicol\u00f2 Cusini, Fabio Longo, Elia Barp,<strong> Luca Sclisizzo (<em>nella foto)<\/em><\/strong>, Benjamin Schwingshackl, Andrea Zorzi, Veronica Silvestri, Davide Ghio, Lucia Isonni, Francesca Cola, Nadine Laurent, Elisa Gallo e Iris De Martin Pinter.<\/p>\n","protected":false},"excerpt":{"rendered":"<p>Il paluzzano si allener\u00e0 in Austria assieme ai compagni della squadra junior-giovani maschile<\/p>\n","protected":false},"author":4,"featured_media":69915,"comment_status":"closed","ping_status":"closed","sticky":false,"template":"","format":"standard","meta":{"_acf_changed":false,"footnotes":""},"categories":[10,11],"tags":[],"acf":[],"_links":{"self":[{"href":"https:\/\/comitati.fisi.org\/friuli-venezia-giulia\/wp-json\/wp\/v2\/posts\/80274"}],"collection":[{"href":"https:\/\/comitati.fisi.org\/friuli-venezia-giulia\/wp-json\/wp\/v2\/posts"}],"about":[{"href":"https:\/\/comitati.fisi.org\/friuli-venezia-giulia\/wp-json\/wp\/v2\/types\/post"}],"author":[{"embeddable":true,"href":"https:\/\/comitati.fisi.org\/friuli-venezia-giulia\/wp-json\/wp\/v2\/users\/4"}],"replies":[{"embeddable":true,"href":"https:\/\/comitati.fisi.org\/friuli-venezia-giulia\/wp-json\/wp\/v2\/comments?post=80274"}],"version-history":[{"count":0,"href":"https:\/\/comitati.fisi.org\/friuli-venezia-giulia\/wp-json\/wp\/v2\/posts\/80274\/revisions"}],"wp:featuredmedia":[{"embeddable":true,"href":"https:\/\/comitati.fisi.org\/friuli-venezia-giulia\/wp-json\/wp\/v2\/media\/69915"}],"wp:attachment":[{"href":"https:\/\/comitati.fisi.org\/friuli-venezia-giulia\/wp-json\/wp\/v2\/media?parent=80274"}],"wp:term":[{"taxonomy":"category","embeddable":true,"href":"https:\/\/comitati.fisi.org\/friuli-venezia-giulia\/wp-json\/wp\/v2\/categories?post=80274"},{"taxonomy":"post_tag","embeddable":true,"href":"https:\/\/comitati.fisi.org\/friuli-venezia-giulia\/wp-json\/wp\/v2\/tags?post=80274"}],"curies":[{"name":"wp","href":"https:\/\/api.w.org\/{rel}","templated":true}]}}