{"id":80263,"date":"2021-08-18T11:23:50","date_gmt":"2021-08-18T09:23:50","guid":{"rendered":"https:\/\/www.fisifvg.org\/?p=80263"},"modified":"2021-08-18T11:23:50","modified_gmt":"2021-08-18T09:23:50","slug":"allenamenti-a-cervinia-per-emanuele-buzzi","status":"publish","type":"post","link":"https:\/\/comitati.fisi.org\/friuli-venezia-giulia\/blog\/2021\/08\/18\/allenamenti-a-cervinia-per-emanuele-buzzi\/","title":{"rendered":"Allenamenti a Cervinia per Emanuele Buzzi"},"content":{"rendered":"<p>Il gruppo 1 maschile della velocit\u00e0 di Coppa del mondo di sci alpino si allener\u00e0 a Cervinia da venerd\u00ec 20 a mercoled\u00ec 25 agosto con <strong>Emanuele Buzzi <em>(nella foto)<\/em><\/strong>, Mattia Casse, Christof Innerhofer e Dominik Paris, seguiti dal direttore tecnico Alberto Ghidoni e dagli allenatori Christian Corradino, Valter Ronconi e Raimund Plancker. Galli, Patrick Staudacher e Michael Gufler.<\/p>\n","protected":false},"excerpt":{"rendered":"<p>Il gruppo 1 maschile della velocit\u00e0 di Coppa del mondo di sci alpino si allener\u00e0 da venerd\u00ec 20 a mercoled\u00ec 25 agosto<\/p>\n","protected":false},"author":4,"featured_media":66931,"comment_status":"closed","ping_status":"closed","sticky":false,"template":"","format":"standard","meta":{"_acf_changed":false,"footnotes":""},"categories":[10,15],"tags":[],"acf":[],"_links":{"self":[{"href":"https:\/\/comitati.fisi.org\/friuli-venezia-giulia\/wp-json\/wp\/v2\/posts\/80263"}],"collection":[{"href":"https:\/\/comitati.fisi.org\/friuli-venezia-giulia\/wp-json\/wp\/v2\/posts"}],"about":[{"href":"https:\/\/comitati.fisi.org\/friuli-venezia-giulia\/wp-json\/wp\/v2\/types\/post"}],"author":[{"embeddable":true,"href":"https:\/\/comitati.fisi.org\/friuli-venezia-giulia\/wp-json\/wp\/v2\/users\/4"}],"replies":[{"embeddable":true,"href":"https:\/\/comitati.fisi.org\/friuli-venezia-giulia\/wp-json\/wp\/v2\/comments?post=80263"}],"version-history":[{"count":0,"href":"https:\/\/comitati.fisi.org\/friuli-venezia-giulia\/wp-json\/wp\/v2\/posts\/80263\/revisions"}],"wp:featuredmedia":[{"embeddable":true,"href":"https:\/\/comitati.fisi.org\/friuli-venezia-giulia\/wp-json\/wp\/v2\/media\/66931"}],"wp:attachment":[{"href":"https:\/\/comitati.fisi.org\/friuli-venezia-giulia\/wp-json\/wp\/v2\/media?parent=80263"}],"wp:term":[{"taxonomy":"category","embeddable":true,"href":"https:\/\/comitati.fisi.org\/friuli-venezia-giulia\/wp-json\/wp\/v2\/categories?post=80263"},{"taxonomy":"post_tag","embeddable":true,"href":"https:\/\/comitati.fisi.org\/friuli-venezia-giulia\/wp-json\/wp\/v2\/tags?post=80263"}],"curies":[{"name":"wp","href":"https:\/\/api.w.org\/{rel}","templated":true}]}}