{"id":80228,"date":"2021-08-15T16:10:55","date_gmt":"2021-08-15T14:10:55","guid":{"rendered":"https:\/\/www.fisifvg.org\/?p=80228"},"modified":"2021-08-15T16:10:55","modified_gmt":"2021-08-15T14:10:55","slug":"tutte-le-squadre-nazionali-di-biathlon-in-raduno-a-forni-avoltri","status":"publish","type":"post","link":"https:\/\/comitati.fisi.org\/friuli-venezia-giulia\/blog\/2021\/08\/15\/tutte-le-squadre-nazionali-di-biathlon-in-raduno-a-forni-avoltri\/","title":{"rendered":"Tutte le squadre nazionali di biathlon in raduno a Forni Avoltri"},"content":{"rendered":"<p><strong>Forni Avoltri<\/strong> sar\u00e0 la sede del prossimo raduno collegiale congiunto delle <strong>squadre \u201cA\u201d e \u201cB\u201d di biathlon,<\/strong> convocata dal direttore tecnico Fabrizio Curtaz da luned\u00ec 16 a marted\u00ec 24 agosto.<br \/>\nAl lavoro da una parte Dorothea Wierer, Michela Carrara, Rebecca Passler, <strong>Lisa Vittozzi,<\/strong> Didier Bionaz, Thomas Bormolini, Patrick Braunhofer, <strong>Daniele Cappellari,<\/strong> Tommaso Giacomel, Lukas Hofer e Dominik Windisch con l\u2019allenatore responsabile Andreas Zingerle e i tecnici Andrea Zattoni, Klaus Hollrigl e <strong>Mirco Romanin<\/strong>.<br \/>\nDall\u2019altra tocca a Cedric Christille, <strong>Daniele Fauner,<\/strong> Michele Molinari, Iacopo Leonesio, David Zingerle, Hannah Auchentaller, Samuela Comola, <strong>Eleonora Fauner,<\/strong> Irene Lardschneider, Beatrice Trabucchi, Martina Trabucchi e Linda Zingerle. A guidare gli allenamenti l\u2019allenatore responsabile Alexander Inderst e i tecnici Fabio Cianciana, Edoardo Mezzaro e Nicola Pozzi.<\/p>\n<p>Ma non \u00e8 tutto, perch\u00e9 nelle stesse date a Forni Avoltri ci sar\u00e0 anche la <strong>squadra juniores\/giovani,<\/strong> con Gaia Brunetto, Fabiana Carpella, <strong>Astrid Pl\u00f6sch<\/strong>, Marco Barale, Nicol\u00f2 Betemps, Stefan Navillod, <strong>Fabio Piller Cottrer,<\/strong> Elia Zeni, Thomas Daziano, <strong>Serena Del Fabbro, Ilaria Scattolo e Sara Scattolo<\/strong>, impegnati con i tecnici <strong>Francesco Semenzato, Daniele Piller Roner<\/strong>, Aline Noro, Pietro Dutto e Samantha Plafoni.<\/p>\n","protected":false},"excerpt":{"rendered":"<p>Presenti 12 FVG fra atleti e tecnici<\/p>\n","protected":false},"author":4,"featured_media":51185,"comment_status":"closed","ping_status":"closed","sticky":false,"template":"","format":"standard","meta":{"_acf_changed":false,"footnotes":""},"categories":[13,10],"tags":[],"acf":[],"_links":{"self":[{"href":"https:\/\/comitati.fisi.org\/friuli-venezia-giulia\/wp-json\/wp\/v2\/posts\/80228"}],"collection":[{"href":"https:\/\/comitati.fisi.org\/friuli-venezia-giulia\/wp-json\/wp\/v2\/posts"}],"about":[{"href":"https:\/\/comitati.fisi.org\/friuli-venezia-giulia\/wp-json\/wp\/v2\/types\/post"}],"author":[{"embeddable":true,"href":"https:\/\/comitati.fisi.org\/friuli-venezia-giulia\/wp-json\/wp\/v2\/users\/4"}],"replies":[{"embeddable":true,"href":"https:\/\/comitati.fisi.org\/friuli-venezia-giulia\/wp-json\/wp\/v2\/comments?post=80228"}],"version-history":[{"count":0,"href":"https:\/\/comitati.fisi.org\/friuli-venezia-giulia\/wp-json\/wp\/v2\/posts\/80228\/revisions"}],"wp:featuredmedia":[{"embeddable":true,"href":"https:\/\/comitati.fisi.org\/friuli-venezia-giulia\/wp-json\/wp\/v2\/media\/51185"}],"wp:attachment":[{"href":"https:\/\/comitati.fisi.org\/friuli-venezia-giulia\/wp-json\/wp\/v2\/media?parent=80228"}],"wp:term":[{"taxonomy":"category","embeddable":true,"href":"https:\/\/comitati.fisi.org\/friuli-venezia-giulia\/wp-json\/wp\/v2\/categories?post=80228"},{"taxonomy":"post_tag","embeddable":true,"href":"https:\/\/comitati.fisi.org\/friuli-venezia-giulia\/wp-json\/wp\/v2\/tags?post=80228"}],"curies":[{"name":"wp","href":"https:\/\/api.w.org\/{rel}","templated":true}]}}