{"id":80161,"date":"2021-08-12T12:22:16","date_gmt":"2021-08-12T10:22:16","guid":{"rendered":"https:\/\/www.fisifvg.org\/?p=80161"},"modified":"2021-08-12T12:22:16","modified_gmt":"2021-08-12T10:22:16","slug":"doppia-trasferta-allestero-per-buzzi-e-pittin","status":"publish","type":"post","link":"https:\/\/comitati.fisi.org\/friuli-venezia-giulia\/blog\/2021\/08\/12\/doppia-trasferta-allestero-per-buzzi-e-pittin\/","title":{"rendered":"Doppia trasferta all&#8217;estero per Buzzi e Pittin"},"content":{"rendered":"<p>Doppia trasferta all\u2019estero per le squadre di combinata nordica, convocate subito dopo Ferragosto dal coordinatore Sandro Sambugaro per un tour fra Svezia e Germania. Il primo viaggio \u00e8 previsto a Stoccolma da luned\u00ec 16 a mercoled\u00ec 18 agosto, al quale parteciperanno Samuel Costa, Aaron Kostner, Raffaele Buzzi, Alessandro Pittin, Domenico Mariotti, Stefano Radovan, Iacopo Bortolas, Annika Sieff, Daniela Dejori, Veronica Gianmoena, Lena Prinoth, accompagnati dai tecnici Ivan Lunardi, Danny Winckelmann e Ivo Pertile. Successivamente una parte del team composta da Samuel Costa, Aaron Kostner,<strong> Raffaele Buzzi, Alessandro Pittin<\/strong>, Domenico Mariotti, Stefano Radovan e Iacopo Bortolas (con i tecnici Ivan Lunardi, Danny Winckelmann, <strong>Gianfranco Oballa<\/strong> ed Enrico Nizzi) si sposter\u00e0 a Klingenthal da mercoled\u00ec 18 a sabato 21 agosto, mentre Veronica Gianmoena, Daniela Dejori, Annikla Sieff e Lena Prinoth (con Pertile) andranno invece a Oberhof da mercoled\u00ec 18 a domenica 22 agosto.<\/p>\n","protected":false},"excerpt":{"rendered":"<p>Gli azzurri della combinata saranno impegnati fra Svezia e Germania <\/p>\n","protected":false},"author":4,"featured_media":73633,"comment_status":"closed","ping_status":"closed","sticky":false,"template":"","format":"standard","meta":{"_acf_changed":false,"footnotes":""},"categories":[14,10],"tags":[],"acf":[],"_links":{"self":[{"href":"https:\/\/comitati.fisi.org\/friuli-venezia-giulia\/wp-json\/wp\/v2\/posts\/80161"}],"collection":[{"href":"https:\/\/comitati.fisi.org\/friuli-venezia-giulia\/wp-json\/wp\/v2\/posts"}],"about":[{"href":"https:\/\/comitati.fisi.org\/friuli-venezia-giulia\/wp-json\/wp\/v2\/types\/post"}],"author":[{"embeddable":true,"href":"https:\/\/comitati.fisi.org\/friuli-venezia-giulia\/wp-json\/wp\/v2\/users\/4"}],"replies":[{"embeddable":true,"href":"https:\/\/comitati.fisi.org\/friuli-venezia-giulia\/wp-json\/wp\/v2\/comments?post=80161"}],"version-history":[{"count":0,"href":"https:\/\/comitati.fisi.org\/friuli-venezia-giulia\/wp-json\/wp\/v2\/posts\/80161\/revisions"}],"wp:featuredmedia":[{"embeddable":true,"href":"https:\/\/comitati.fisi.org\/friuli-venezia-giulia\/wp-json\/wp\/v2\/media\/73633"}],"wp:attachment":[{"href":"https:\/\/comitati.fisi.org\/friuli-venezia-giulia\/wp-json\/wp\/v2\/media?parent=80161"}],"wp:term":[{"taxonomy":"category","embeddable":true,"href":"https:\/\/comitati.fisi.org\/friuli-venezia-giulia\/wp-json\/wp\/v2\/categories?post=80161"},{"taxonomy":"post_tag","embeddable":true,"href":"https:\/\/comitati.fisi.org\/friuli-venezia-giulia\/wp-json\/wp\/v2\/tags?post=80161"}],"curies":[{"name":"wp","href":"https:\/\/api.w.org\/{rel}","templated":true}]}}