{"id":80109,"date":"2021-08-05T09:07:00","date_gmt":"2021-08-05T07:07:00","guid":{"rendered":"https:\/\/www.fisifvg.org\/?p=80109"},"modified":"2021-08-05T09:07:00","modified_gmt":"2021-08-05T07:07:00","slug":"raduno-in-azzurro-a-predazzo-per-andrea-craievich","status":"publish","type":"post","link":"https:\/\/comitati.fisi.org\/friuli-venezia-giulia\/blog\/2021\/08\/05\/raduno-in-azzurro-a-predazzo-per-andrea-craievich\/","title":{"rendered":"Raduno in azzurro a Predazzo per Andrea Craievich"},"content":{"rendered":"<p>Il gruppo B di GS\/velocit\u00e0 femminile di sci alpino \u00e8 stato convocato per il raduno in programma a Predazzo (Tn) da venerd\u00ec 6 a mercoled\u00ec 11 agosto con Elisa Schranzhofer, Federica Lani, Monica Zanoner, Carlotta Da Canal, Ilaria Ghisalberti, Asja Zenere, Vittoria Cappellini, Giulia Albano, Carlotta Welf e Heloise Edifizi, con gli allenatori Marco Mina, Daiel Dorigo e Michele Messerini.<\/p>\n<p>Insieme a loro saranno impegnate da gioved\u00ec 5 a mercoled\u00ec 11 agosto anche le ragazze della squadra C: Carole Agnelli, Annette Belfrond, Alice Calaba, <strong>Andrea Craievich (Sci Club 70, <em>nella foto<\/em><\/strong>), Alessia Guerinoni, Celina Haller, Martina Piaggio, Beatrice Sola e Laura Steinmair, con i tecnici Andrea Gabella e Federico Rauco.<\/p>\n","protected":false},"excerpt":{"rendered":"<p>In Val di Fiemme impegnate fino a mercoled\u00ec 11 il gruppo B di GS\/velocit\u00e0 femminile e la squadra C<\/p>\n","protected":false},"author":4,"featured_media":79641,"comment_status":"closed","ping_status":"closed","sticky":false,"template":"","format":"standard","meta":{"_acf_changed":false,"footnotes":""},"categories":[10,15],"tags":[],"acf":[],"_links":{"self":[{"href":"https:\/\/comitati.fisi.org\/friuli-venezia-giulia\/wp-json\/wp\/v2\/posts\/80109"}],"collection":[{"href":"https:\/\/comitati.fisi.org\/friuli-venezia-giulia\/wp-json\/wp\/v2\/posts"}],"about":[{"href":"https:\/\/comitati.fisi.org\/friuli-venezia-giulia\/wp-json\/wp\/v2\/types\/post"}],"author":[{"embeddable":true,"href":"https:\/\/comitati.fisi.org\/friuli-venezia-giulia\/wp-json\/wp\/v2\/users\/4"}],"replies":[{"embeddable":true,"href":"https:\/\/comitati.fisi.org\/friuli-venezia-giulia\/wp-json\/wp\/v2\/comments?post=80109"}],"version-history":[{"count":0,"href":"https:\/\/comitati.fisi.org\/friuli-venezia-giulia\/wp-json\/wp\/v2\/posts\/80109\/revisions"}],"wp:featuredmedia":[{"embeddable":true,"href":"https:\/\/comitati.fisi.org\/friuli-venezia-giulia\/wp-json\/wp\/v2\/media\/79641"}],"wp:attachment":[{"href":"https:\/\/comitati.fisi.org\/friuli-venezia-giulia\/wp-json\/wp\/v2\/media?parent=80109"}],"wp:term":[{"taxonomy":"category","embeddable":true,"href":"https:\/\/comitati.fisi.org\/friuli-venezia-giulia\/wp-json\/wp\/v2\/categories?post=80109"},{"taxonomy":"post_tag","embeddable":true,"href":"https:\/\/comitati.fisi.org\/friuli-venezia-giulia\/wp-json\/wp\/v2\/tags?post=80109"}],"curies":[{"name":"wp","href":"https:\/\/api.w.org\/{rel}","templated":true}]}}