{"id":80060,"date":"2021-08-04T12:01:57","date_gmt":"2021-08-04T10:01:57","guid":{"rendered":"https:\/\/www.fisifvg.org\/?p=80060"},"modified":"2021-08-04T12:01:57","modified_gmt":"2021-08-04T10:01:57","slug":"iosonofisifvg-sebastiano-maddalena","status":"publish","type":"post","link":"https:\/\/comitati.fisi.org\/friuli-venezia-giulia\/blog\/2021\/08\/04\/iosonofisifvg-sebastiano-maddalena\/","title":{"rendered":"#IoSonoFisiFvg \u2013 SEBASTIANO MADDALENA"},"content":{"rendered":"<p>Prosegue la rubrica\u00a0<strong>#IoSonoFisiFvg,<\/strong>\u00a0che consente di conoscere meglio i nuovi atleti delle squadre di Comitato.<strong><br \/>\n<\/strong>Oggi protagonista \u00e8 lo sci alpino con <strong>Sebastiano Maddalena<\/strong>.<\/p>\n<p><strong>Nome e Cognome?\u00a0<\/strong><span style=\"font-weight: 400\">Sebastiano Maddalena<br \/>\n<\/span><span style=\"font-weight: 400\"><strong>Sci Club?<\/strong> Sci CAI Monte Lussari<br \/>\n<\/span><span style=\"font-weight: 400\"><strong>Dove vivi?<\/strong> A T<\/span><span style=\"font-weight: 400\">ricesimo<br \/>\n<\/span><span style=\"font-weight: 400\"><strong>A che et\u00e0 hai messo per la prima volta gli sci ai piedi?<\/strong> A 2<\/span><span style=\"font-weight: 400\"> anni; so che sembra strano a quell&#8217;et\u00e0, ma \u00e8 la realt\u00e0 e ne vado molto fiero<br \/>\n<\/span><span style=\"font-weight: 400\"><strong>Ti \u00e8 piaciuto subito?<\/strong>\u00a0<\/span><span style=\"font-weight: 400\">Beh, direi di s\u00ec. La prima volta in assoluto mi sono praticamente messo a piangere nel momento in cui avrei dovuto togliermi gli scarponi per andarmene<br \/>\n<\/span><span style=\"font-weight: 400\"><strong>Hai praticato altre discipline invernali?<\/strong>\u00a0<\/span><span style=\"font-weight: 400\">Non seriamente, ma da piccolo mi sarebbe piaciuto praticare biathlon<br \/>\n<\/span><\/p>\n<div id=\"attachment_68732\" style=\"width: 410px\" class=\"wp-caption alignright\"><a href=\"http:\/\/comitati.fisi.org\/friuli-venezia-giulia\/wp-content\/uploads\/sites\/34\/2020\/04\/Pentaphoto_137403.jpg\"><img loading=\"lazy\" decoding=\"async\" aria-describedby=\"caption-attachment-68732\" class=\"wp-image-68732\" src=\"http:\/\/comitati.fisi.org\/friuli-venezia-giulia\/wp-content\/uploads\/sites\/34\/2020\/04\/Pentaphoto_137403-400x400.jpg\" alt=\"\" width=\"400\" height=\"267\" \/><\/a><p id=\"caption-attachment-68732\" class=\"wp-caption-text\">Ted Ligety<\/p><\/div>\n<p><strong>Ti ricordi la prima gara?\u00a0<\/strong><span style=\"font-weight: 400\">Diciamo che ricordo pi\u00f9 le sensazioni che il resto. Era ai Campetti di Sappada, una tipica gara di fine corso, allora non sentivo tensione o timore, provavo solo eccitazione per lo sport che mi ha fatto perdere la testa. Non che allora importasse ancora molto, ma mi pare di averla vinta quella gara<br \/>\n<\/span><span style=\"font-weight: 400\"><strong>Chi \u00e8 il tuo allenatore?<\/strong> Fr<\/span><span style=\"font-weight: 400\">ancesco Princi: una persona molto solare, pacata e gentile, ma che una volta iniziato un qualsiasi tipo di allenamento non lascia scampo a chi sbaglia, non in maniera esageratamente severa, ma diciamo che non le manda a dire<br \/>\n<\/span><strong>Dove credi di dover migliorare?\u00a0<\/strong><span style=\"font-weight: 400\">Premettendo che dovrei migliorare sotto ogni aspetto possibile, diciamo che negli ultimi anni mi sto lasciando influenzare troppo dalle sensazioni estreme che si provano prima e durante una gara. Quindi direi che devo crescere sotto il punto di vista mentale<br \/>\n<\/span><strong>Qual \u00e8 la pista pi\u00f9 bella nella quale hai gareggiato? <\/strong>All&#8217;<span style=\"font-weight: 400\">Alpe di Siusi<br \/>\n<\/span><strong>E quella nel quale un giorno vorresti correre?\u00a0<\/strong><span style=\"font-weight: 400\">Kitzbuehel e Wengen a pari merito<br \/>\n<\/span><span style=\"font-weight: 400\"><strong>La miglior gara della tua vita quando e dove \u00e8 stata?<\/strong>\u00a0<\/span><span style=\"font-weight: 400\">Sicuramente quella di quest\u2019anno al Monte Verena, nei primi giorni d\u2019aprile<br \/>\n<\/span><span style=\"font-weight: 400\"><strong>Chi \u00e8 l\u2019amico del cuore?<\/strong>\u00a0<\/span><span style=\"font-weight: 400\">Alex Ostolidi \u00e8 sicuramente la persona, in ambito sciistico, con cui ho legato maggiormente negli ultimi anni<br \/>\n<\/span><strong>Qual \u00e8 il tuo d\u2019infanzia e\/o attuale?\u00a0<\/strong><span style=\"font-weight: 400\">Da piccolo stravedevo per Ted Ligety, ora come ora non ho un idolo vero e proprio<br \/>\n<\/span><span style=\"font-weight: 400\"><strong>\u00c8 possibile collimare scuola e sport?<\/strong>\u00a0<\/span><span style=\"font-weight: 400\">Assolutamente s\u00ec, richiede uno sforzo notevole ma ritengo che possa essere possibile, anche se non l\u2019ho ancora sperimentato a pieno<br \/>\n<\/span><span style=\"font-weight: 400\"><strong>Cos \u00e8 per te lo sci?<\/strong> <\/span><span style=\"font-weight: 400\">L&#8217;amore della mia vita, ci\u00f2 a cui penso costantemente e a cui dedico la maggior parte del tempo<br \/>\n<\/span><strong>Nel futuro ti vedi atleta, allenatore o semplice appassionato? <\/strong>S<span style=\"font-weight: 400\">pero di diventare un\u2019atleta e sto cercando con tutte le mie forze di raggiungere questo risultato<br \/>\n<\/span><\/p>\n<div id=\"attachment_80064\" style=\"width: 410px\" class=\"wp-caption alignleft\"><a href=\"http:\/\/comitati.fisi.org\/friuli-venezia-giulia\/wp-content\/uploads\/sites\/34\/2021\/07\/Coldplay.jpg\"><img loading=\"lazy\" decoding=\"async\" aria-describedby=\"caption-attachment-80064\" class=\"wp-image-80064\" src=\"http:\/\/comitati.fisi.org\/friuli-venezia-giulia\/wp-content\/uploads\/sites\/34\/2021\/07\/Coldplay-400x400.jpg\" alt=\"\" width=\"400\" height=\"267\" \/><\/a><p id=\"caption-attachment-80064\" class=\"wp-caption-text\">I Coldplay<\/p><\/div>\n<p><strong>Il classico sogno nel cassetto? <\/strong><span style=\"font-weight: 400\">VIncere una coppa di cristallo<br \/>\n<\/span><span style=\"font-weight: 400\"><strong>Musica preferita?<\/strong>\u00a0<\/span><span style=\"font-weight: 400\">Tecno\/EDM o Pop<br \/>\n<\/span><strong>Cantante\/gruppo preferito? <\/strong><span style=\"font-weight: 400\">Coldplay<br \/>\n<\/span><span style=\"font-weight: 400\"><strong>Film preferito?<\/strong>\u00a0<\/span><span style=\"font-weight: 400\">Interstellar<br \/>\n<\/span><strong>Attore preferito?\u00a0<\/strong><span style=\"font-weight: 400\">Tom Holland e Brad Pitt<br \/>\n<\/span><span style=\"font-weight: 400\"><strong>Sport extra sci preferito?<\/strong>\u00a0<\/span><span style=\"font-weight: 400\">Calcio<br \/>\n<\/span><strong>Sportivo extra sci preferito? <\/strong><span style=\"font-weight: 400\">Stephen Curry<br \/>\n<\/span><strong>Hai qualche hobby? <\/strong><span style=\"font-weight: 400\">Principalmente giocare ai videogiochi o praticare sport pressoch\u00e9 di qualsiasi genere<br \/>\n<\/span><strong>Social preferito?\u00a0<\/strong><span style=\"font-weight: 400\">Instagram<br \/>\n<\/span><span style=\"font-weight: 400\"><strong>Il luogo pi\u00f9 bello che hai visitato?<\/strong>\u00a0<\/span><span style=\"font-weight: 400\">Toronto<br \/>\n<\/span><strong>Vorresti fare una vacanza a? <\/strong><span style=\"font-weight: 400\">San Francisco e Giappone<\/span><\/p>\n<p>&nbsp;<\/p>\n<p><strong>GI\u00c0 PUBBLICATI<\/strong><\/p>\n<p><a href=\"https:\/\/www.fisifvg.org\/2021\/07\/27\/iosonofisifvg-matteo-vernier\/\">MATTEO VERNIER<\/a><br \/>\n<a href=\"https:\/\/www.fisifvg.org\/2021\/07\/13\/iosonofisifvg-maya-pividori\/\">MAYA PIVIDORI<\/a><br \/>\n<a href=\"https:\/\/www.fisifvg.org\/2021\/07\/09\/iosonofisifvg-massimiliano-rossi\/\">MASSIMILIANO ROSSI<\/a><br \/>\n<a href=\"https:\/\/www.fisifvg.org\/2021\/07\/03\/iosonofisifvg-alessandra-pezzutti\/\">ALESSANDRA PEZZUTTI<\/a><br \/>\n<a href=\"https:\/\/www.fisifvg.org\/2021\/06\/29\/iosonofisifvg-francesco-causser\/\">FRANCESCO CAUSSER<\/a><br \/>\n<a href=\"https:\/\/www.fisifvg.org\/2021\/06\/24\/iosonofisifvg-sophia-polo\/\">SOPHIA POLO<\/a><br \/>\n<a href=\"https:\/\/www.fisifvg.org\/2021\/06\/21\/iosonofisifvg-davide-princi\/\">DAVIDE PRINCI<\/a><\/p>\n<p><strong>SCHEDE 2020<\/strong><\/p>\n<p><a href=\"https:\/\/www.fisifvg.org\/2020\/11\/10\/iosonofisifvg-cecilia-casanova\/\">CECILIA CASANOVA<\/a><br \/>\n<a href=\"https:\/\/www.fisifvg.org\/2020\/11\/02\/iosonofisifvg-noah-valas\/\">NOAH VALAS<\/a><br \/>\n<a href=\"https:\/\/www.fisifvg.org\/2020\/10\/19\/iosonofisifvg-giorgia-manente\/\">GIORGIA MANENTE<\/a><br \/>\n<a href=\"https:\/\/www.fisifvg.org\/2020\/10\/06\/iosonofisifvg-giulio-concina\/\">GIULIO CONCINA<\/a><br \/>\n<a href=\"https:\/\/www.fisifvg.org\/2020\/10\/01\/iosonofisifvg-elia-spaliviero\/\">ELIA SPALIVIERO<\/a><br \/>\n<a href=\"https:\/\/www.fisifvg.org\/2020\/09\/16\/iosonofisifvg-maria-gismondi\/\">MARIA GISMONDI<\/a><br \/>\n<a href=\"https:\/\/www.fisifvg.org\/2020\/08\/22\/iosonofisifvg-luca-quinz\/\">LUCA QUINZ<\/a><br \/>\n<a href=\"https:\/\/www.fisifvg.org\/2020\/09\/05\/iosonofisifvg-giada-monegato\/\">GIADA MONEGATO<\/a><br \/>\n<a href=\"https:\/\/www.fisifvg.org\/2020\/09\/02\/iosonofisifvg-mattia-del-torre\/\">MATTIA DEL TORRE<\/a><br \/>\n<a href=\"https:\/\/www.fisifvg.org\/2020\/08\/24\/iosonofisifvg-alessandro-bellemo\/\">ALESSANDRO BELLEMO<\/a><br \/>\n<a href=\"https:\/\/www.fisifvg.org\/2020\/08\/21\/iosonofisifvg-francesco-la-grassa\/\">FRANCESCO LA GRASSA<\/a><br \/>\n<a href=\"https:\/\/www.fisifvg.org\/2020\/08\/18\/iosonofisifvg-nicolas-ribbi\/\">NICOLAS RIBBI<\/a><br \/>\n<a href=\"https:\/\/www.fisifvg.org\/2020\/08\/14\/iosonofisifvg-giulia-federicis\/\">GIULIA FEDERICIS<\/a><br \/>\n<a href=\"https:\/\/www.fisifvg.org\/2020\/08\/12\/iosonofisifvg-marco-gaudenzio\/\">MARCO GAUDENZIO<\/a><br \/>\n<a href=\"https:\/\/www.fisifvg.org\/2020\/08\/09\/iosonofisifvg-giacomo-tarussio\/\">GIACOMO TARUSSIO<\/a><br \/>\n<a href=\"https:\/\/www.fisifvg.org\/2020\/08\/06\/iosonofisifvg-sofia-colombo\/\">SOFIA COLOMBO<\/a><br \/>\n<a href=\"https:\/\/www.fisifvg.org\/2020\/07\/31\/iosonofisifvg-daniele-cochetti\/\">DANIELE COCHETTI<\/a><br \/>\n<a href=\"https:\/\/www.fisifvg.org\/2020\/07\/29\/iosonofisifvg-francesca-tessarolo\/\">FRANCESCA TESSAROLO<\/a><br \/>\n<a href=\"https:\/\/www.fisifvg.org\/2020\/07\/24\/iosonofisifvg-beatrice-costato\/\">BEATRICE COSTATO<\/a><br \/>\n<a href=\"https:\/\/www.fisifvg.org\/2020\/05\/17\/iosonofisifvg-luca-kerer\/\">LUCA KERER<\/a><br \/>\n<a href=\"https:\/\/www.fisifvg.org\/2020\/05\/14\/iosonofisifvg-alex-ostolidi\/\">ALEX OSTOLIDI<\/a><br \/>\n<a href=\"https:\/\/www.fisifvg.org\/2020\/05\/12\/iosonofisifvg-serena-del-fabbro\/\">SERENA DEL FABBRO<\/a><br \/>\n<a href=\"https:\/\/www.fisifvg.org\/2020\/05\/11\/iosonofisifvg-anna-dosso\/\">ANNA DOSSO<\/a><br \/>\n<a href=\"https:\/\/www.fisifvg.org\/2020\/05\/10\/iosonofisifvg-alberto-benedetti\/\">ALBERTO BENEDETTI<\/a><br \/>\n<a href=\"https:\/\/www.fisifvg.org\/2020\/05\/08\/iosonofisifvg-ludovica-del-bianco\/\">LUDOVICA DEL BIANCO<\/a><br \/>\n<a href=\"https:\/\/www.fisifvg.org\/2020\/05\/06\/iosonofisifvg-ilaria-scattolo\/\">ILARIA SCATTOLO<\/a><br \/>\n<a href=\"https:\/\/www.fisifvg.org\/2020\/05\/05\/iosonofisifvg-davide-graz\/\">DAVIDE GRAZ<\/a><br \/>\n<a href=\"https:\/\/www.fisifvg.org\/2020\/05\/03\/iosonofisifvg-andrea-gartner\/\">ANDREA GARTNER<\/a><br \/>\n<a href=\"https:\/\/www.fisifvg.org\/2020\/05\/02\/iosonofisifvg-giacomo-vidoni\/\">GIACOMO VIDONI<\/a><br \/>\n<a href=\"https:\/\/www.fisifvg.org\/2020\/04\/30\/iosonofisifvg-pietro-pallober\/\">PIETRO PALLOBER<\/a><br \/>\n<a href=\"https:\/\/www.fisifvg.org\/2020\/04\/28\/iosonofisifvg-francesco-cecon\/\">FRANCESCO CECON<\/a><br \/>\n<a href=\"https:\/\/www.fisifvg.org\/2020\/04\/27\/iosonofisifvg-alex-perissutti\/\">ALEX PERISSUTTI<\/a><br \/>\n<a href=\"https:\/\/www.fisifvg.org\/2020\/04\/25\/iosonofisifvg-anna-berra\/\">ANNA BERRA<\/a><br \/>\n<a href=\"https:\/\/www.fisifvg.org\/2020\/04\/24\/iosonofisifvg-martina-di-centa\/\">MARTINA DI CENTA<\/a><br \/>\n<a href=\"https:\/\/www.fisifvg.org\/2020\/04\/23\/iosonofisifvg-giovanni-vanino\/\">GIOVANNI VANINO<\/a><br \/>\n<a href=\"https:\/\/www.fisifvg.org\/2020\/04\/22\/iosonofisifvg-astrid-plosch\/\">ASTRID PL\u00d6SCH<\/a><br \/>\n<a href=\"https:\/\/www.fisifvg.org\/2020\/04\/21\/iosonofisifvg-martino-zambenedetti\/\">MARTINO ZAMBENEDETTI<\/a><br \/>\n<a href=\"https:\/\/www.fisifvg.org\/2020\/04\/20\/iosonofisifvg-renato-moretti\/\">RENATO MORETTI<\/a><br \/>\n<a href=\"https:\/\/www.fisifvg.org\/2020\/04\/19\/iosonofisifvg-gabriele-monteleone\/\">GABRIELE MONTELEONE<\/a><br \/>\n<a href=\"https:\/\/www.fisifvg.org\/2020\/04\/18\/iosonofisifvg-andrea-craievich\/\">ANDREA CRAIEVICH<\/a><br \/>\n<a href=\"https:\/\/www.fisifvg.org\/2020\/04\/17\/iosonofisifvg-fabio-cappellari\/\">FABIO CAPPELLARI<\/a><br \/>\n<a href=\"https:\/\/www.fisifvg.org\/2020\/04\/16\/iosonofisifvg-arturo-severi\/\">ARTURO SEVERI<\/a><br \/>\n<a href=\"https:\/\/www.fisifvg.org\/2020\/04\/15\/iosonofisifvg-caterina-molinari\/\">CATERINA MOLINARI<\/a><br \/>\n<a href=\"https:\/\/www.fisifvg.org\/2020\/04\/14\/iosonofisifvg-greta-pinzani\/\">GRETA PINZANI<\/a><br \/>\n<a href=\"https:\/\/www.fisifvg.org\/2020\/04\/11\/iosonofisifvg-alessandro-tosoni\/\">ALESSANDRO TOSONI<\/a><br \/>\n<a href=\"https:\/\/www.fisifvg.org\/2020\/04\/10\/iosonofisifvg-edoardo-buzzi\/\">EDOARDO BUZZI<\/a><br \/>\n<a href=\"https:\/\/www.fisifvg.org\/2020\/04\/09\/iosonofisifvg-sara-scattolo\/\">SARA SCATTOLO<\/a><br \/>\n<a href=\"https:\/\/www.fisifvg.org\/2020\/04\/07\/iosonofisifvg-martina-zanitzer\/\">MARTINA ZANITZER<\/a><br \/>\n<a href=\"https:\/\/www.fisifvg.org\/2020\/04\/06\/iosonofisifvg-samuele-cusin\/\">SAMUELE CUSIN<\/a><br \/>\n<a href=\"https:\/\/www.fisifvg.org\/2020\/04\/05\/iosonofisifvg-fabio-piller-cottrer\/\">FABIO PILLER COTTRER<\/a><br \/>\n<a href=\"https:\/\/www.fisifvg.org\/2020\/04\/04\/iosonofisifvg-karin-puntel\/\">KARIN PUNTEL<\/a><br \/>\n<a href=\"https:\/\/www.fisifvg.org\/2020\/04\/03\/iosonofisifvg-andrea-campregher\/\">ANDREA CAMPREGHER<\/a><br \/>\n<a href=\"https:\/\/www.fisifvg.org\/2020\/04\/01\/iosonofisifvg-paolo-ramicone\/\">PAOLO RAMICONE<\/a><br \/>\n<a href=\"https:\/\/www.fisifvg.org\/2020\/03\/31\/iosonofisifvg-mattia-piller-hoffer\/\">MATTIA PILLER HOFFER<\/a><br \/>\n<a href=\"https:\/\/www.fisifvg.org\/2020\/03\/30\/iosonofisifvg-aurora-morassi\/\">AURORA MORASSI<\/a><br \/>\n<a href=\"https:\/\/www.fisifvg.org\/2020\/03\/29\/iosonofisifvg-noelia-vuerich\/\">NOELIA VUERICH<\/a><br \/>\n<a href=\"https:\/\/www.fisifvg.org\/2020\/03\/28\/iosonofisifvg-cristiano-agostinis\/\">CRISTIANO AGOSTINIS<\/a><br \/>\n<a href=\"https:\/\/www.fisifvg.org\/2020\/03\/27\/iosonofisifvg-lorenzo-solero\/\">LORENZO SOLERO<\/a><br \/>\n<a href=\"https:\/\/www.fisifvg.org\/2020\/03\/26\/iosonofisifvg-luca-sclisizzo\/\">LUCA SCLISIZZO<\/a><br \/>\n<a href=\"https:\/\/www.fisifvg.org\/2020\/03\/25\/iosonofisifvg-erika-pinzani\/\">ERIKA PINZANI<\/a><br \/>\n<a href=\"https:\/\/www.fisifvg.org\/2020\/03\/23\/iosonofisifvg-caterina-sinigoi\/\">CATERINA SINIGOI<\/a><\/p>\n<p>&nbsp;<\/p>\n<p>&nbsp;<\/p>\n","protected":false},"excerpt":{"rendered":"<p>Oggi protagonista \u00e8 il lussarino della squadra di Comitato di sci alpino<\/p>\n","protected":false},"author":4,"featured_media":80067,"comment_status":"closed","ping_status":"closed","sticky":false,"template":"","format":"standard","meta":{"_acf_changed":false,"footnotes":""},"categories":[10,15],"tags":[],"acf":[],"_links":{"self":[{"href":"https:\/\/comitati.fisi.org\/friuli-venezia-giulia\/wp-json\/wp\/v2\/posts\/80060"}],"collection":[{"href":"https:\/\/comitati.fisi.org\/friuli-venezia-giulia\/wp-json\/wp\/v2\/posts"}],"about":[{"href":"https:\/\/comitati.fisi.org\/friuli-venezia-giulia\/wp-json\/wp\/v2\/types\/post"}],"author":[{"embeddable":true,"href":"https:\/\/comitati.fisi.org\/friuli-venezia-giulia\/wp-json\/wp\/v2\/users\/4"}],"replies":[{"embeddable":true,"href":"https:\/\/comitati.fisi.org\/friuli-venezia-giulia\/wp-json\/wp\/v2\/comments?post=80060"}],"version-history":[{"count":0,"href":"https:\/\/comitati.fisi.org\/friuli-venezia-giulia\/wp-json\/wp\/v2\/posts\/80060\/revisions"}],"wp:featuredmedia":[{"embeddable":true,"href":"https:\/\/comitati.fisi.org\/friuli-venezia-giulia\/wp-json\/wp\/v2\/media\/80067"}],"wp:attachment":[{"href":"https:\/\/comitati.fisi.org\/friuli-venezia-giulia\/wp-json\/wp\/v2\/media?parent=80060"}],"wp:term":[{"taxonomy":"category","embeddable":true,"href":"https:\/\/comitati.fisi.org\/friuli-venezia-giulia\/wp-json\/wp\/v2\/categories?post=80060"},{"taxonomy":"post_tag","embeddable":true,"href":"https:\/\/comitati.fisi.org\/friuli-venezia-giulia\/wp-json\/wp\/v2\/tags?post=80060"}],"curies":[{"name":"wp","href":"https:\/\/api.w.org\/{rel}","templated":true}]}}