{"id":79970,"date":"2021-07-21T15:20:06","date_gmt":"2021-07-21T13:20:06","guid":{"rendered":"https:\/\/www.fisifvg.org\/?p=79970"},"modified":"2021-07-21T15:20:06","modified_gmt":"2021-07-21T13:20:06","slug":"oltre-due-settimane-di-intenso-lavoro-attendono-vittozzi-e-cappellari","status":"publish","type":"post","link":"https:\/\/comitati.fisi.org\/friuli-venezia-giulia\/blog\/2021\/07\/21\/oltre-due-settimane-di-intenso-lavoro-attendono-vittozzi-e-cappellari\/","title":{"rendered":"Oltre due settimane di intenso lavoro attendono Vittozzi e Cappellari"},"content":{"rendered":"<p>Oltre due settimane di lavoro intenso per la squadra A di Coppa del mondo di biathlon a Passo Lavaz\u00e8.<\/p>\n<p>Il dt Fabrizio Curtaz ha convocato undici effettivi per il periodo dal 22 luglio al 6 agosto, che saranno attivi nella localit\u00e0 trentina.<\/p>\n<p>I convocati sono: Dorothea Wierer, Michela Carrara, Rebecca Passler, <strong>Lisa Vittozzi<\/strong>, Didier Bonaz, Thomas Bormolini, Patrick Braunhofer, <strong>Daniele Cappellari,<\/strong> Tommaso Giacomel, Lukas Hofer e Dominik Windisch.<\/p>\n<p>Lo staff tecnico sar\u00e0 composto da Andreas Zingerle, Andrea Zattoni, Klaus Hoellrigl e <strong>Mirco Romanin.<\/strong><\/p>\n<p>Saranno presenti a turno i due fisioterapisti Emilio Telluri e Orazio De Martin.<\/p>\n<p><em><strong>(nella foto Lisa Vittozzi)<\/strong><\/em><\/p>\n<p>&nbsp;<\/p>\n","protected":false},"excerpt":{"rendered":"<p>La squadra A di Coppa del mondo di biathlon si allener\u00e0 da gioved\u00ec 22 luglio a Passo Lavaz\u00e8<\/p>\n","protected":false},"author":4,"featured_media":79344,"comment_status":"closed","ping_status":"closed","sticky":false,"template":"","format":"standard","meta":{"_acf_changed":false,"footnotes":""},"categories":[13,10],"tags":[],"acf":[],"_links":{"self":[{"href":"https:\/\/comitati.fisi.org\/friuli-venezia-giulia\/wp-json\/wp\/v2\/posts\/79970"}],"collection":[{"href":"https:\/\/comitati.fisi.org\/friuli-venezia-giulia\/wp-json\/wp\/v2\/posts"}],"about":[{"href":"https:\/\/comitati.fisi.org\/friuli-venezia-giulia\/wp-json\/wp\/v2\/types\/post"}],"author":[{"embeddable":true,"href":"https:\/\/comitati.fisi.org\/friuli-venezia-giulia\/wp-json\/wp\/v2\/users\/4"}],"replies":[{"embeddable":true,"href":"https:\/\/comitati.fisi.org\/friuli-venezia-giulia\/wp-json\/wp\/v2\/comments?post=79970"}],"version-history":[{"count":0,"href":"https:\/\/comitati.fisi.org\/friuli-venezia-giulia\/wp-json\/wp\/v2\/posts\/79970\/revisions"}],"wp:featuredmedia":[{"embeddable":true,"href":"https:\/\/comitati.fisi.org\/friuli-venezia-giulia\/wp-json\/wp\/v2\/media\/79344"}],"wp:attachment":[{"href":"https:\/\/comitati.fisi.org\/friuli-venezia-giulia\/wp-json\/wp\/v2\/media?parent=79970"}],"wp:term":[{"taxonomy":"category","embeddable":true,"href":"https:\/\/comitati.fisi.org\/friuli-venezia-giulia\/wp-json\/wp\/v2\/categories?post=79970"},{"taxonomy":"post_tag","embeddable":true,"href":"https:\/\/comitati.fisi.org\/friuli-venezia-giulia\/wp-json\/wp\/v2\/tags?post=79970"}],"curies":[{"name":"wp","href":"https:\/\/api.w.org\/{rel}","templated":true}]}}