{"id":79802,"date":"2021-07-06T16:37:42","date_gmt":"2021-07-06T14:37:42","guid":{"rendered":"https:\/\/www.fisifvg.org\/?p=79802"},"modified":"2021-07-06T16:37:42","modified_gmt":"2021-07-06T14:37:42","slug":"ultimi-giorni-di-lavoro-a-obertilliach-per-lisa-vittozzi-e-daniele-cappellari","status":"publish","type":"post","link":"https:\/\/comitati.fisi.org\/friuli-venezia-giulia\/blog\/2021\/07\/06\/ultimi-giorni-di-lavoro-a-obertilliach-per-lisa-vittozzi-e-daniele-cappellari\/","title":{"rendered":"Ultimi giorni di lavoro a Obertilliach per Lisa Vittozzi e Daniele Cappellari"},"content":{"rendered":"<p>Si avvia alla conclusione il terzo raduno stagionale della squadra di Coppa del mondo di biathlon, che per l\u2019ultima volta lavora separata in due sottogruppi. Una parte composta da Dorothea Wierer, Didier Bionaz, Tommaso Giacomel, Lukas Hofer e Dominik Windisch (con i tecnici Andreas Zingerle e Andrea Zattoni.) \u00e8 impegnata nella localit\u00e0 tedesca di Ruhpolding, un\u2019altra con Michela Carrara, Rebecca Passler,<strong> Lisa Vittozzi,<\/strong> Thomas Bormolini, Patrick Braunhofer e <strong>Daniele Cappellari<\/strong> (tecnici Klaus Hoellrigl e <strong>Mirco Romanin<\/strong>) \u00e8 presente invece a Obertilliach, in Austria. L\u2019allenamento, cominciato lo scorso 28 giugno, terminer\u00e0 il 9 luglio e chiuder\u00e0 la prima fase della preparazione estiva, come conferma il direttore tecnico Fabrizio Curtaz.<\/p>\n<p>\u201cFino ad ora le cose sono andate bene \u2013 afferma l\u2019allenatore valdostano -, i ragazzi si sono concentrati nei tre collegiali disputati sulla tecnica di base, quest\u2019anno abbiamo deciso di suddividere lo stesso team di Coppa del mondo in due gruppetti, per adeguarci ulteriormente alle loro esigenze, soprattutto per lavorare individualmente e con maggiore profitto al tiro. Da qui in avanti si entrer\u00e0 nel vivo della preparazione, c\u2019\u00e8 bisogno di avere sempre maggiore confronto al poligono, con l\u2019obiettivo di creare un ambiente stimolante per elevare il livello dei tanti giovani che stiamo lanciando nella coppa pi\u00f9 importante. Insomma, si tratta di lavorare sulla costanza nella qualit\u00e0. Per quanto riguarda invece i quattro senatori, il loro lavoro \u00e8 leggermente diverso, conoscono perfettamente le loro caratteristiche e quindi sanno bene cosa devono cercare, l\u2019obiettivo \u00e8 quello di pensare a ogni serie con qualit\u00e0, le differenze sono minimali ad alto livello. Ormai un bersaglio mancato ti fa passare da una possibile vittoria a una posizione di rincalzo. Finora la condizione generale \u00e8 buona, ci sono stati alcuni piccoli intoppi facilmente prevedibili in questa fase e comunque gi\u00e0 superati. Rispetot agli anni passati siamo partiti prima del solito, abbiamo programmato anche raduni in quota per avvininarci a ci\u00f2 che troveremo alle Olimpiadi\u201d.<\/p>\n<p><em><strong>(nella foto Daniele Cappellari)<\/strong><\/em><\/p>\n<p>&nbsp;<\/p>\n","protected":false},"excerpt":{"rendered":"<p>\u201cFino ad ora le cose sono andate bene&#8221;, dice l\u2019allenatore Fabrizio Curtaz<\/p>\n","protected":false},"author":4,"featured_media":70772,"comment_status":"closed","ping_status":"closed","sticky":false,"template":"","format":"standard","meta":{"_acf_changed":false,"footnotes":""},"categories":[13,10],"tags":[],"acf":[],"_links":{"self":[{"href":"https:\/\/comitati.fisi.org\/friuli-venezia-giulia\/wp-json\/wp\/v2\/posts\/79802"}],"collection":[{"href":"https:\/\/comitati.fisi.org\/friuli-venezia-giulia\/wp-json\/wp\/v2\/posts"}],"about":[{"href":"https:\/\/comitati.fisi.org\/friuli-venezia-giulia\/wp-json\/wp\/v2\/types\/post"}],"author":[{"embeddable":true,"href":"https:\/\/comitati.fisi.org\/friuli-venezia-giulia\/wp-json\/wp\/v2\/users\/4"}],"replies":[{"embeddable":true,"href":"https:\/\/comitati.fisi.org\/friuli-venezia-giulia\/wp-json\/wp\/v2\/comments?post=79802"}],"version-history":[{"count":0,"href":"https:\/\/comitati.fisi.org\/friuli-venezia-giulia\/wp-json\/wp\/v2\/posts\/79802\/revisions"}],"wp:featuredmedia":[{"embeddable":true,"href":"https:\/\/comitati.fisi.org\/friuli-venezia-giulia\/wp-json\/wp\/v2\/media\/70772"}],"wp:attachment":[{"href":"https:\/\/comitati.fisi.org\/friuli-venezia-giulia\/wp-json\/wp\/v2\/media?parent=79802"}],"wp:term":[{"taxonomy":"category","embeddable":true,"href":"https:\/\/comitati.fisi.org\/friuli-venezia-giulia\/wp-json\/wp\/v2\/categories?post=79802"},{"taxonomy":"post_tag","embeddable":true,"href":"https:\/\/comitati.fisi.org\/friuli-venezia-giulia\/wp-json\/wp\/v2\/tags?post=79802"}],"curies":[{"name":"wp","href":"https:\/\/api.w.org\/{rel}","templated":true}]}}