{"id":79767,"date":"2021-07-03T11:38:33","date_gmt":"2021-07-03T09:38:33","guid":{"rendered":"https:\/\/www.fisifvg.org\/?p=79767"},"modified":"2021-07-03T11:38:33","modified_gmt":"2021-07-03T09:38:33","slug":"iosonofisifvg-alessandra-pezzutti","status":"publish","type":"post","link":"https:\/\/comitati.fisi.org\/friuli-venezia-giulia\/blog\/2021\/07\/03\/iosonofisifvg-alessandra-pezzutti\/","title":{"rendered":"#IoSonoFisiFvg \u2013 ALESSANDRA PEZZUTTI"},"content":{"rendered":"<p>Lo scorso anno abbiamo inaugurato una rubrica, <strong>#IoSonoFisiFvg,<\/strong> che ha consentito di conoscere meglio gli atleti delle squadre di Comitato.<strong><br \/>\n<\/strong>A grande richiesta la riproponiamo quest\u2019anno, riservandola ai <strong>volti nuovi inseriti in squadra nella stagione 2021-2022.<\/strong><br \/>\nOggi protagonista \u00e8 lo sci alpino con <strong>Alessandra Pezzutti<\/strong>.<\/p>\n<p><strong>Nome e cognome<\/strong>: <span style=\"font-weight: 400\">Alessandra Pezzutti<\/span><span style=\"font-weight: 400\"><br \/>\n<\/span><span style=\"font-weight: 400\"><strong>Sci Club<\/strong>: Sci Club <\/span><span style=\"font-weight: 400\">Alpe 2000<\/span><span style=\"font-weight: 400\"><br \/>\n<\/span><strong>Dove vivi? <\/strong>A <span style=\"font-weight: 400\">Fiume Veneto<\/span><span style=\"font-weight: 400\"><br \/>\n<\/span><strong>A che et\u00e0 hai messo per la prima volta gli sci ai piedi? <\/strong>Avevo c<span style=\"font-weight: 400\">irca 3 anni<\/span><span style=\"font-weight: 400\">.<br \/>\n<\/span><span style=\"font-weight: 400\"><strong>Ti \u00e8 piaciuto subito?<\/strong> <\/span><span style=\"font-weight: 400\">Penso proprio di s\u00ec<\/span><span style=\"font-weight: 400\"><br \/>\n<\/span><strong>Hai praticato altre discipline invernali? <\/strong><span style=\"font-weight: 400\">No, ma mi piacerebbe provare lo snowboard<br \/>\n<\/span><\/p>\n<div id=\"attachment_70288\" style=\"width: 410px\" class=\"wp-caption alignright\"><a href=\"http:\/\/comitati.fisi.org\/friuli-venezia-giulia\/wp-content\/uploads\/sites\/34\/2020\/07\/Pentaphoto_138894.jpg\"><img loading=\"lazy\" decoding=\"async\" aria-describedby=\"caption-attachment-70288\" class=\"size-thumbnail wp-image-70288\" src=\"http:\/\/comitati.fisi.org\/friuli-venezia-giulia\/wp-content\/uploads\/sites\/34\/2020\/07\/Pentaphoto_138894-400x400.jpg\" alt=\"\" width=\"400\" height=\"400\" \/><\/a><p id=\"caption-attachment-70288\" class=\"wp-caption-text\">Mikaela Shiffrin<\/p><\/div>\n<p><span style=\"font-weight: 400\"><strong>Ti ricordi la prima gara? <\/strong><\/span><span style=\"font-weight: 400\">Si, ero Superbaby 1 e si trattava del Trofeo Biberon. Ero molto contenta di gareggiare, anche se poi il mio risultato non fu dei migliori, ma \u00e8 stata lo stesso una bella festa!<\/span><span style=\"font-weight: 400\"><br \/>\n<\/span><span style=\"font-weight: 400\"><strong>Chi \u00e8 il tuo allenatore? <\/strong><\/span><span style=\"font-weight: 400\">Da quest\u2019anno Massimiliano Toniut: lo conosco gi\u00e0 da qualche anno e penso che se tutto andr\u00e0 per il verso giusto, con lui riuscir\u00f2 a fare un bel lavoro. Negli anni precedenti ho fatto affidamento su Sandro Mori e soprattutto su Roberto Silvestrin, che sono preziosi tutt\u2019oggi nella mia preparazione<\/span><span style=\"font-weight: 400\"><br \/>\n<\/span><span style=\"font-weight: 400\"><strong>Dove credi di dover migliorare?<\/strong> <\/span><span style=\"font-weight: 400\">Penso di dover migliorare su vari aspetti, ma sopratutto sulla preparazione atletica<br \/>\n<\/span><span style=\"font-weight: 400\"><strong>Qual \u00e8 la pista pi\u00f9 bella nella quale hai gareggiato?<\/strong> Quella di Pila d<\/span><span style=\"font-weight: 400\">ove si sono svolti i Campionati Italiani Aspiranti 2021 di slalom<br \/>\n<\/span><strong>E quello nel quale un giorno vorresti correre? <\/strong><span style=\"font-weight: 400\">Mi piacerebbe un giorno gareggiare sulla 3Tre a Madonna di Campiglio<br \/>\n<\/span><span style=\"font-weight: 400\"><strong>La miglior gara della tua vita quando e dove \u00e8 stata?<\/strong> <\/span><span style=\"font-weight: 400\">Non ne ho una in particolare, credo che tutte siano speciali e portino emozioni uniche<\/span><span style=\"font-weight: 400\"><br \/>\n<\/span><span style=\"font-weight: 400\"><strong>Chi \u00e8 l\u2019amico del cuore? <\/strong><\/span><span style=\"font-weight: 400\">Vado d\u2019accordo con tutti, in questo momento mi viene in mente Sebastiano Maddalena, che conosco ormai da vari anni<br \/>\n<\/span><span style=\"font-weight: 400\"><strong>Qual \u00e8 il tuo idolo, d\u2019infanzia e\/o attuale? <\/strong><\/span><span style=\"font-weight: 400\">Se devo pensare all\u2019ambito dello sci ammiro molto Mikaela Shiffrin. Considero inoltre tutta la mia famiglia come i miei idoli, spero di renderli orgogliosi di me<br \/>\n<\/span><\/p>\n<div id=\"attachment_79776\" style=\"width: 410px\" class=\"wp-caption alignleft\"><a href=\"http:\/\/comitati.fisi.org\/friuli-venezia-giulia\/wp-content\/uploads\/sites\/34\/2021\/07\/Cesare-Cremonini.jpg\"><img loading=\"lazy\" decoding=\"async\" aria-describedby=\"caption-attachment-79776\" class=\"size-thumbnail wp-image-79776\" src=\"http:\/\/comitati.fisi.org\/friuli-venezia-giulia\/wp-content\/uploads\/sites\/34\/2021\/07\/Cesare-Cremonini-400x400.jpg\" alt=\"\" width=\"400\" height=\"400\" \/><\/a><p id=\"caption-attachment-79776\" class=\"wp-caption-text\">Cesare Cremonini<\/p><\/div>\n<p><strong>\u00c8 possibile collimare scuola e sport? <\/strong><span style=\"font-weight: 400\">Si, anche se \u00e8 molto difficile, in quanto il nostro sport implica vari sacrifici. Ogni minuto fuori dalle piste durante l\u2019inverno \u00e8 utile per studiare e mettersi in pari con la classe<\/span><span style=\"font-weight: 400\"><br \/>\n<\/span><span style=\"font-weight: 400\"><strong>Cos\u2019\u00e8 per te lo sci?<\/strong> <\/span><span style=\"font-weight: 400\">La mia pi\u00f9 grande passione<br \/>\n<\/span><span style=\"font-weight: 400\"><strong>Nel futuro ti vedi atleta, allenatrice o semplice appassionata?<\/strong> <\/span><span style=\"font-weight: 400\">Mi vedo come Naestra, spero di poter far appassionare i bambini a questo bellissimo sport<\/span><span style=\"font-weight: 400\"><br \/>\n<\/span><strong>Il classico sogno nel cassetto? <\/strong><span style=\"font-weight: 400\">Sarebbe bellissimo praticare questo sport ad alti livelli per la vita. Cerco di impegnarmi al massimo, ma allo stesso di divertirmi e prendermi le mie piccole soddisfazioni giorno dopo giorno<br \/>\n<\/span><strong>Musica preferita? <\/strong><span style=\"font-weight: 400\">Hip Pop<\/span><span style=\"font-weight: 400\"><br \/>\n<\/span><strong>Cantante\/gruppo preferito? <\/strong><span style=\"font-weight: 400\">Cesare Cremonini<\/span><span style=\"font-weight: 400\"><br \/>\n<\/span><span style=\"font-weight: 400\"><strong>Serie tv preferita?<\/strong> <\/span><span style=\"font-weight: 400\">How I met your Mother<br \/>\n<\/span><strong>Attore preferito? <\/strong><span style=\"font-weight: 400\">Josh Radnor<br \/>\n<\/span><strong>Sport extrasci preferito? <\/strong><span style=\"font-weight: 400\">Tutti tranne il golf<\/span><span style=\"font-weight: 400\"><br \/>\n<\/span><span style=\"font-weight: 400\"><strong>Sportivo extrasci preferito?<\/strong> <\/span><span style=\"font-weight: 400\">Federica Pellegrini<\/span><span style=\"font-weight: 400\"><br \/>\n<\/span><strong>Hai qualche hobby? <\/strong><span style=\"font-weight: 400\">Mi piace camminare in montagna<br \/>\n<\/span><strong>Social preferito? <\/strong><span style=\"font-weight: 400\">Instagram<\/span><span style=\"font-weight: 400\"><br \/>\n<\/span><span style=\"font-weight: 400\"><strong>Il luogo pi\u00f9 bello che hai visitato<\/strong>: <\/span><span style=\"font-weight: 400\">Londra<br \/>\n<\/span><span style=\"font-weight: 400\"><strong>Vorresti fare una vacanza a<\/strong>: <\/span><span style=\"font-weight: 400\">Nuova Zelanda<\/span><\/p>\n<p><strong>GI\u00c0 PUBBLICATI<\/strong><\/p>\n<p><a href=\"https:\/\/www.fisifvg.org\/2021\/06\/29\/iosonofisifvg-francesco-causser\/\">FRANCESCO CAUSSER<\/a><br \/>\n<a href=\"https:\/\/www.fisifvg.org\/2021\/06\/24\/iosonofisifvg-sophia-polo\/\">SOPHIA POLO<\/a><br \/>\n<a href=\"https:\/\/www.fisifvg.org\/2021\/06\/21\/iosonofisifvg-davide-princi\/\">DAVIDE PRINCI<\/a><\/p>\n<p><strong>SCHEDE 2020<\/strong><\/p>\n<p><a href=\"https:\/\/www.fisifvg.org\/2020\/11\/10\/iosonofisifvg-cecilia-casanova\/\">CECILIA CASANOVA<\/a><br \/>\n<a href=\"https:\/\/www.fisifvg.org\/2020\/11\/02\/iosonofisifvg-noah-valas\/\">NOAH VALAS<\/a><br \/>\n<a href=\"https:\/\/www.fisifvg.org\/2020\/10\/19\/iosonofisifvg-giorgia-manente\/\">GIORGIA MANENTE<\/a><br \/>\n<a href=\"https:\/\/www.fisifvg.org\/2020\/10\/06\/iosonofisifvg-giulio-concina\/\">GIULIO CONCINA<\/a><br \/>\n<a href=\"https:\/\/www.fisifvg.org\/2020\/10\/01\/iosonofisifvg-elia-spaliviero\/\">ELIA SPALIVIERO<\/a><br \/>\n<a href=\"https:\/\/www.fisifvg.org\/2020\/09\/16\/iosonofisifvg-maria-gismondi\/\">MARIA GISMONDI<\/a><br \/>\n<a href=\"https:\/\/www.fisifvg.org\/2020\/08\/22\/iosonofisifvg-luca-quinz\/\">LUCA QUINZ<\/a><br \/>\n<a href=\"https:\/\/www.fisifvg.org\/2020\/09\/05\/iosonofisifvg-giada-monegato\/\">GIADA MONEGATO<\/a><br \/>\n<a href=\"https:\/\/www.fisifvg.org\/2020\/09\/02\/iosonofisifvg-mattia-del-torre\/\">MATTIA DEL TORRE<\/a><br \/>\n<a href=\"https:\/\/www.fisifvg.org\/2020\/08\/24\/iosonofisifvg-alessandro-bellemo\/\">ALESSANDRO BELLEMO<\/a><br \/>\n<a href=\"https:\/\/www.fisifvg.org\/2020\/08\/21\/iosonofisifvg-francesco-la-grassa\/\">FRANCESCO LA GRASSA<\/a><br \/>\n<a href=\"https:\/\/www.fisifvg.org\/2020\/08\/18\/iosonofisifvg-nicolas-ribbi\/\">NICOLAS RIBBI<\/a><br \/>\n<a href=\"https:\/\/www.fisifvg.org\/2020\/08\/14\/iosonofisifvg-giulia-federicis\/\">GIULIA FEDERICIS<\/a><br \/>\n<a href=\"https:\/\/www.fisifvg.org\/2020\/08\/12\/iosonofisifvg-marco-gaudenzio\/\">MARCO GAUDENZIO<\/a><br \/>\n<a href=\"https:\/\/www.fisifvg.org\/2020\/08\/09\/iosonofisifvg-giacomo-tarussio\/\">GIACOMO TARUSSIO<\/a><br \/>\n<a href=\"https:\/\/www.fisifvg.org\/2020\/08\/06\/iosonofisifvg-sofia-colombo\/\">SOFIA COLOMBO<\/a><br \/>\n<a href=\"https:\/\/www.fisifvg.org\/2020\/07\/31\/iosonofisifvg-daniele-cochetti\/\">DANIELE COCHETTI<\/a><br \/>\n<a href=\"https:\/\/www.fisifvg.org\/2020\/07\/29\/iosonofisifvg-francesca-tessarolo\/\">FRANCESCA TESSAROLO<\/a><br \/>\n<a href=\"https:\/\/www.fisifvg.org\/2020\/07\/24\/iosonofisifvg-beatrice-costato\/\">BEATRICE COSTATO<\/a><br \/>\n<a href=\"https:\/\/www.fisifvg.org\/2020\/05\/17\/iosonofisifvg-luca-kerer\/\">LUCA KERER<\/a><br \/>\n<a href=\"https:\/\/www.fisifvg.org\/2020\/05\/14\/iosonofisifvg-alex-ostolidi\/\">ALEX OSTOLIDI<\/a><br \/>\n<a href=\"https:\/\/www.fisifvg.org\/2020\/05\/12\/iosonofisifvg-serena-del-fabbro\/\">SERENA DEL FABBRO<\/a><br \/>\n<a href=\"https:\/\/www.fisifvg.org\/2020\/05\/11\/iosonofisifvg-anna-dosso\/\">ANNA DOSSO<\/a><br \/>\n<a href=\"https:\/\/www.fisifvg.org\/2020\/05\/10\/iosonofisifvg-alberto-benedetti\/\">ALBERTO BENEDETTI<\/a><br \/>\n<a href=\"https:\/\/www.fisifvg.org\/2020\/05\/08\/iosonofisifvg-ludovica-del-bianco\/\">LUDOVICA DEL BIANCO<\/a><br \/>\n<a href=\"https:\/\/www.fisifvg.org\/2020\/05\/06\/iosonofisifvg-ilaria-scattolo\/\">ILARIA SCATTOLO<\/a><br \/>\n<a href=\"https:\/\/www.fisifvg.org\/2020\/05\/05\/iosonofisifvg-davide-graz\/\">DAVIDE GRAZ<\/a><br \/>\n<a href=\"https:\/\/www.fisifvg.org\/2020\/05\/03\/iosonofisifvg-andrea-gartner\/\">ANDREA GARTNER<\/a><br \/>\n<a href=\"https:\/\/www.fisifvg.org\/2020\/05\/02\/iosonofisifvg-giacomo-vidoni\/\">GIACOMO VIDONI<\/a><br \/>\n<a href=\"https:\/\/www.fisifvg.org\/2020\/04\/30\/iosonofisifvg-pietro-pallober\/\">PIETRO PALLOBER<\/a><br \/>\n<a href=\"https:\/\/www.fisifvg.org\/2020\/04\/28\/iosonofisifvg-francesco-cecon\/\">FRANCESCO CECON<\/a><br \/>\n<a href=\"https:\/\/www.fisifvg.org\/2020\/04\/27\/iosonofisifvg-alex-perissutti\/\">ALEX PERISSUTTI<\/a><br \/>\n<a href=\"https:\/\/www.fisifvg.org\/2020\/04\/25\/iosonofisifvg-anna-berra\/\">ANNA BERRA<\/a><br \/>\n<a href=\"https:\/\/www.fisifvg.org\/2020\/04\/24\/iosonofisifvg-martina-di-centa\/\">MARTINA DI CENTA<\/a><br \/>\n<a href=\"https:\/\/www.fisifvg.org\/2020\/04\/23\/iosonofisifvg-giovanni-vanino\/\">GIOVANNI VANINO<\/a><br \/>\n<a href=\"https:\/\/www.fisifvg.org\/2020\/04\/22\/iosonofisifvg-astrid-plosch\/\">ASTRID PL\u00d6SCH<\/a><br \/>\n<a href=\"https:\/\/www.fisifvg.org\/2020\/04\/21\/iosonofisifvg-martino-zambenedetti\/\">MARTINO ZAMBENEDETTI<\/a><br \/>\n<a href=\"https:\/\/www.fisifvg.org\/2020\/04\/20\/iosonofisifvg-renato-moretti\/\">RENATO MORETTI<\/a><br \/>\n<a href=\"https:\/\/www.fisifvg.org\/2020\/04\/19\/iosonofisifvg-gabriele-monteleone\/\">GABRIELE MONTELEONE<\/a><br \/>\n<a href=\"https:\/\/www.fisifvg.org\/2020\/04\/18\/iosonofisifvg-andrea-craievich\/\">ANDREA CRAIEVICH<\/a><br \/>\n<a href=\"https:\/\/www.fisifvg.org\/2020\/04\/17\/iosonofisifvg-fabio-cappellari\/\">FABIO CAPPELLARI<\/a><br \/>\n<a href=\"https:\/\/www.fisifvg.org\/2020\/04\/16\/iosonofisifvg-arturo-severi\/\">ARTURO SEVERI<\/a><br \/>\n<a href=\"https:\/\/www.fisifvg.org\/2020\/04\/15\/iosonofisifvg-caterina-molinari\/\">CATERINA MOLINARI<\/a><br \/>\n<a href=\"https:\/\/www.fisifvg.org\/2020\/04\/14\/iosonofisifvg-greta-pinzani\/\">GRETA PINZANI<\/a><br \/>\n<a href=\"https:\/\/www.fisifvg.org\/2020\/04\/11\/iosonofisifvg-alessandro-tosoni\/\">ALESSANDRO TOSONI<\/a><br \/>\n<a href=\"https:\/\/www.fisifvg.org\/2020\/04\/10\/iosonofisifvg-edoardo-buzzi\/\">EDOARDO BUZZI<\/a><br \/>\n<a href=\"https:\/\/www.fisifvg.org\/2020\/04\/09\/iosonofisifvg-sara-scattolo\/\">SARA SCATTOLO<\/a><br \/>\n<a href=\"https:\/\/www.fisifvg.org\/2020\/04\/07\/iosonofisifvg-martina-zanitzer\/\">MARTINA ZANITZER<\/a><br \/>\n<a href=\"https:\/\/www.fisifvg.org\/2020\/04\/06\/iosonofisifvg-samuele-cusin\/\">SAMUELE CUSIN<\/a><br \/>\n<a href=\"https:\/\/www.fisifvg.org\/2020\/04\/05\/iosonofisifvg-fabio-piller-cottrer\/\">FABIO PILLER COTTRER<\/a><br \/>\n<a href=\"https:\/\/www.fisifvg.org\/2020\/04\/04\/iosonofisifvg-karin-puntel\/\">KARIN PUNTEL<\/a><br \/>\n<a href=\"https:\/\/www.fisifvg.org\/2020\/04\/03\/iosonofisifvg-andrea-campregher\/\">ANDREA CAMPREGHER<\/a><br \/>\n<a href=\"https:\/\/www.fisifvg.org\/2020\/04\/01\/iosonofisifvg-paolo-ramicone\/\">PAOLO RAMICONE<\/a><br \/>\n<a href=\"https:\/\/www.fisifvg.org\/2020\/03\/31\/iosonofisifvg-mattia-piller-hoffer\/\">MATTIA PILLER HOFFER<\/a><br \/>\n<a href=\"https:\/\/www.fisifvg.org\/2020\/03\/30\/iosonofisifvg-aurora-morassi\/\">AURORA MORASSI<\/a><br \/>\n<a href=\"https:\/\/www.fisifvg.org\/2020\/03\/29\/iosonofisifvg-noelia-vuerich\/\">NOELIA VUERICH<\/a><br \/>\n<a href=\"https:\/\/www.fisifvg.org\/2020\/03\/28\/iosonofisifvg-cristiano-agostinis\/\">CRISTIANO AGOSTINIS<\/a><br \/>\n<a href=\"https:\/\/www.fisifvg.org\/2020\/03\/27\/iosonofisifvg-lorenzo-solero\/\">LORENZO SOLERO<\/a><br \/>\n<a href=\"https:\/\/www.fisifvg.org\/2020\/03\/26\/iosonofisifvg-luca-sclisizzo\/\">LUCA SCLISIZZO<\/a><br \/>\n<a href=\"https:\/\/www.fisifvg.org\/2020\/03\/25\/iosonofisifvg-erika-pinzani\/\">ERIKA PINZANI<\/a><br \/>\n<a href=\"https:\/\/www.fisifvg.org\/2020\/03\/23\/iosonofisifvg-caterina-sinigoi\/\">CATERINA SINIGOI<\/a><\/p>\n<p>&nbsp;<\/p>\n<p>&nbsp;<\/p>\n","protected":false},"excerpt":{"rendered":"<p>Protagonista della nostra rubrica \u00e8 la pordenonese della squadra di Comitato di sci alpino<\/p>\n","protected":false},"author":4,"featured_media":79772,"comment_status":"closed","ping_status":"closed","sticky":false,"template":"","format":"standard","meta":{"_acf_changed":false,"footnotes":""},"categories":[10,15],"tags":[],"acf":[],"_links":{"self":[{"href":"https:\/\/comitati.fisi.org\/friuli-venezia-giulia\/wp-json\/wp\/v2\/posts\/79767"}],"collection":[{"href":"https:\/\/comitati.fisi.org\/friuli-venezia-giulia\/wp-json\/wp\/v2\/posts"}],"about":[{"href":"https:\/\/comitati.fisi.org\/friuli-venezia-giulia\/wp-json\/wp\/v2\/types\/post"}],"author":[{"embeddable":true,"href":"https:\/\/comitati.fisi.org\/friuli-venezia-giulia\/wp-json\/wp\/v2\/users\/4"}],"replies":[{"embeddable":true,"href":"https:\/\/comitati.fisi.org\/friuli-venezia-giulia\/wp-json\/wp\/v2\/comments?post=79767"}],"version-history":[{"count":0,"href":"https:\/\/comitati.fisi.org\/friuli-venezia-giulia\/wp-json\/wp\/v2\/posts\/79767\/revisions"}],"wp:featuredmedia":[{"embeddable":true,"href":"https:\/\/comitati.fisi.org\/friuli-venezia-giulia\/wp-json\/wp\/v2\/media\/79772"}],"wp:attachment":[{"href":"https:\/\/comitati.fisi.org\/friuli-venezia-giulia\/wp-json\/wp\/v2\/media?parent=79767"}],"wp:term":[{"taxonomy":"category","embeddable":true,"href":"https:\/\/comitati.fisi.org\/friuli-venezia-giulia\/wp-json\/wp\/v2\/categories?post=79767"},{"taxonomy":"post_tag","embeddable":true,"href":"https:\/\/comitati.fisi.org\/friuli-venezia-giulia\/wp-json\/wp\/v2\/tags?post=79767"}],"curies":[{"name":"wp","href":"https:\/\/api.w.org\/{rel}","templated":true}]}}