{"id":79722,"date":"2021-06-30T08:00:45","date_gmt":"2021-06-30T06:00:45","guid":{"rendered":"https:\/\/www.fisifvg.org\/?p=79722"},"modified":"2021-06-30T08:00:45","modified_gmt":"2021-06-30T06:00:45","slug":"trodella-lascia-dopo-36-anni-a-olivo-la-presidenza-dello-sc-monte-quarin","status":"publish","type":"post","link":"https:\/\/comitati.fisi.org\/friuli-venezia-giulia\/blog\/2021\/06\/30\/trodella-lascia-dopo-36-anni-a-olivo-la-presidenza-dello-sc-monte-quarin\/","title":{"rendered":"Trodella lascia dopo 36 anni, a Olivo la presidenza dello Sci Club Monte Quarin"},"content":{"rendered":"<p>Si \u00e8 tenuta venerd\u00ec 18 giugno l&#8217;assemblea annuale dello Sci Club Monte Quarin di Corm\u00f2ns, che verteva anche sul rinnovo del Consiglio Direttivo.<\/p>\n<p>E&#8217; stato un atto importante per lo Sci Club, perch\u00e8 dopo trentasei anni lo storico presidente Raffaele Trodella ha passato la mano lasciando l&#8217;incarico, con sua massima fiducia, nelle mani di Fabio Olivo, eletto quale nuovo presidente.<\/p>\n<p>Olivo e il nuovo Consiglio hanno ringraziato sentitamente Trodella per l&#8217;impegno e la passione dimostrati in questo lasso di tempo, in cui ha portato la Societ\u00e0 a ricoprire un importante ruolo sia sportivo che sociale sul territorio.<\/p>\n<p>Trodella rimarr\u00e0 comunque vicino al club, sempre pronto a fornire un sostegno al Direttivo dall&#8217;alto della sua esperienza.<\/p>\n<p><em><strong>(nella foto da sinistra Olivo e Trodella)<\/strong><\/em><\/p>\n<p>&nbsp;<\/p>\n","protected":false},"excerpt":{"rendered":"<p>Sottolineato l&#8217;impegno e la passione dimostrati in questo lasso di tempo dall&#8217;ex presidente<\/p>\n","protected":false},"author":4,"featured_media":79723,"comment_status":"closed","ping_status":"closed","sticky":false,"template":"","format":"standard","meta":{"_acf_changed":false,"footnotes":""},"categories":[10,17],"tags":[],"acf":[],"_links":{"self":[{"href":"https:\/\/comitati.fisi.org\/friuli-venezia-giulia\/wp-json\/wp\/v2\/posts\/79722"}],"collection":[{"href":"https:\/\/comitati.fisi.org\/friuli-venezia-giulia\/wp-json\/wp\/v2\/posts"}],"about":[{"href":"https:\/\/comitati.fisi.org\/friuli-venezia-giulia\/wp-json\/wp\/v2\/types\/post"}],"author":[{"embeddable":true,"href":"https:\/\/comitati.fisi.org\/friuli-venezia-giulia\/wp-json\/wp\/v2\/users\/4"}],"replies":[{"embeddable":true,"href":"https:\/\/comitati.fisi.org\/friuli-venezia-giulia\/wp-json\/wp\/v2\/comments?post=79722"}],"version-history":[{"count":0,"href":"https:\/\/comitati.fisi.org\/friuli-venezia-giulia\/wp-json\/wp\/v2\/posts\/79722\/revisions"}],"wp:featuredmedia":[{"embeddable":true,"href":"https:\/\/comitati.fisi.org\/friuli-venezia-giulia\/wp-json\/wp\/v2\/media\/79723"}],"wp:attachment":[{"href":"https:\/\/comitati.fisi.org\/friuli-venezia-giulia\/wp-json\/wp\/v2\/media?parent=79722"}],"wp:term":[{"taxonomy":"category","embeddable":true,"href":"https:\/\/comitati.fisi.org\/friuli-venezia-giulia\/wp-json\/wp\/v2\/categories?post=79722"},{"taxonomy":"post_tag","embeddable":true,"href":"https:\/\/comitati.fisi.org\/friuli-venezia-giulia\/wp-json\/wp\/v2\/tags?post=79722"}],"curies":[{"name":"wp","href":"https:\/\/api.w.org\/{rel}","templated":true}]}}