{"id":79682,"date":"2021-06-28T14:59:31","date_gmt":"2021-06-28T12:59:31","guid":{"rendered":"https:\/\/www.fisifvg.org\/?p=79682"},"modified":"2021-06-28T14:59:31","modified_gmt":"2021-06-28T12:59:31","slug":"tempo-di-raduno-per-i-5-biathleti-fvg-della-squadra-nazionale-junior-giovani","status":"publish","type":"post","link":"https:\/\/comitati.fisi.org\/friuli-venezia-giulia\/blog\/2021\/06\/28\/tempo-di-raduno-per-i-5-biathleti-fvg-della-squadra-nazionale-junior-giovani\/","title":{"rendered":"Tempo di raduno per i 5 biathleti FVG della squadra nazionale Junior-Giovani"},"content":{"rendered":"<p>La squadra nazionale juniores\/giovani di biathlon \u00e8 stata convocata dal direttore tecnico Fabrizio Curtaz per il raduno in programma ad Anterselva (Bz) da marted\u00ec 29 giugno a venerd\u00ec 9 luglio.<\/p>\n<p>Si tratta di Gaia Brunetto, Fabiana Carpella, <strong>Serena Del Fabbro, Astrid Pl\u00f6sch, Ilaria Scattolo, Sara Scattolo<\/strong>, Marco Barale, Nicol\u00f2 Betemps, Thomas Daziano, Felix Ratschiller, Stefan Navillod e <strong>Fabio Piller Cottrer<\/strong>, che saranno seguiti dal responsabile <strong>Francesco Semenzato<\/strong> e dai tecnici <strong>Daniele Piller Roner<\/strong>, Aline Noro, Samantha Plafoni e Pietro Dutto.<\/p>\n<p><strong><em>(in alto da sinistra Pl\u00f6sch, Piller Cottrer e Ilaria Scattolo, in basso da sinistra Sara Scattolo e Del Fabbro)<\/em><\/strong><\/p>\n","protected":false},"excerpt":{"rendered":"<p>La squadra azzurra \u00e8 stata convocata dal direttore tecnico Fabrizio Curtaz ad Anterselva da marted\u00ec 29 giugno a venerd\u00ec 9 luglio<\/p>\n","protected":false},"author":4,"featured_media":79684,"comment_status":"closed","ping_status":"closed","sticky":false,"template":"","format":"standard","meta":{"_acf_changed":false,"footnotes":""},"categories":[13,10],"tags":[],"acf":[],"_links":{"self":[{"href":"https:\/\/comitati.fisi.org\/friuli-venezia-giulia\/wp-json\/wp\/v2\/posts\/79682"}],"collection":[{"href":"https:\/\/comitati.fisi.org\/friuli-venezia-giulia\/wp-json\/wp\/v2\/posts"}],"about":[{"href":"https:\/\/comitati.fisi.org\/friuli-venezia-giulia\/wp-json\/wp\/v2\/types\/post"}],"author":[{"embeddable":true,"href":"https:\/\/comitati.fisi.org\/friuli-venezia-giulia\/wp-json\/wp\/v2\/users\/4"}],"replies":[{"embeddable":true,"href":"https:\/\/comitati.fisi.org\/friuli-venezia-giulia\/wp-json\/wp\/v2\/comments?post=79682"}],"version-history":[{"count":0,"href":"https:\/\/comitati.fisi.org\/friuli-venezia-giulia\/wp-json\/wp\/v2\/posts\/79682\/revisions"}],"wp:featuredmedia":[{"embeddable":true,"href":"https:\/\/comitati.fisi.org\/friuli-venezia-giulia\/wp-json\/wp\/v2\/media\/79684"}],"wp:attachment":[{"href":"https:\/\/comitati.fisi.org\/friuli-venezia-giulia\/wp-json\/wp\/v2\/media?parent=79682"}],"wp:term":[{"taxonomy":"category","embeddable":true,"href":"https:\/\/comitati.fisi.org\/friuli-venezia-giulia\/wp-json\/wp\/v2\/categories?post=79682"},{"taxonomy":"post_tag","embeddable":true,"href":"https:\/\/comitati.fisi.org\/friuli-venezia-giulia\/wp-json\/wp\/v2\/tags?post=79682"}],"curies":[{"name":"wp","href":"https:\/\/api.w.org\/{rel}","templated":true}]}}