{"id":79662,"date":"2021-06-25T15:52:41","date_gmt":"2021-06-25T13:52:41","guid":{"rendered":"https:\/\/www.fisifvg.org\/?p=79662"},"modified":"2021-06-25T15:52:41","modified_gmt":"2021-06-25T13:52:41","slug":"presentati-logo-e-sito-internet-di-eyof-fvg-2023","status":"publish","type":"post","link":"https:\/\/comitati.fisi.org\/friuli-venezia-giulia\/blog\/2021\/06\/25\/presentati-logo-e-sito-internet-di-eyof-fvg-2023\/","title":{"rendered":"Presentati logo e sito internet di EYOF FVG 2023"},"content":{"rendered":"<p>&#8220;Un evento internazionale importante, che coinvolger\u00e0 migliaia di giovani e che conferma e consolida il ruolo di riferimento che il Friuli Venezia Giulia ha per quest&#8217;area dell&#8217;Europa centrale&#8221;.<\/p>\n<p>Lo ha detto oggi a Trieste il governatore <strong>Massimiliano Fedriga<\/strong> <em><strong>(nella foto)<\/strong><\/em> durante la presentazione del <a href=\"https:\/\/www.eyof2023.it\/it\/\">sito internet<\/a> e del <strong>logo<\/strong> di <strong>Eyof 2023, il Festival Olimpico della giovent\u00f9 europea<\/strong>, la cui edizione invernale si terr\u00e0 tra poco meno di due anni (21-28 gennaio) in Friuli Venezia Giulia, con gare anche in Slovenia e Austria.<\/p>\n<p>Presenti all&#8217;incontro con i giornalisti anche il presidente del Comitato EYOF <b>Maurizio Dunnhofer (anche presidente della FISI FVG) <\/b>e il vicepresidente nonch\u00e8 presidente del CONI FVG <b>Giorgio Brandolin.<br \/>\n<\/b><br \/>\n<a href=\"http:\/\/comitati.fisi.org\/friuli-venezia-giulia\/wp-content\/uploads\/sites\/34\/2021\/06\/eyof2023-logo.gif\"><img loading=\"lazy\" decoding=\"async\" class=\"alignleft wp-image-79669 size-full\" src=\"http:\/\/comitati.fisi.org\/friuli-venezia-giulia\/wp-content\/uploads\/sites\/34\/2021\/06\/eyof2023-logo.gif\" alt=\"\" width=\"134\" height=\"150\" \/><\/a>Come ha ribadito lo stesso Fedriga, \u00e8 di fondamentale valenza il coinvolgimento di tanti giovani, i quali avranno modo di conoscere la nostra regione e di essere dei testimonial delle sue bellezze naturali, dell&#8217;efficienza delle strutture e dell&#8217;ospitalit\u00e0 dei suoi abitanti. Inoltre, ci sar\u00e0 la possibilit\u00e0 di ammirare qualche futuro talento, dal momento che qualche atleta di Eyof 2023 potrebbe essere protagonista alle Olimpiadi invernali Milano-Cortina del 2026.<\/p>\n<p>A tal riguardo Fedriga ha annunciato la stipula di un protocollo con la Fondazione Milano-Cortina per una collaborazione nel segno della continuit\u00e0 tra due eventi che vedranno protagoniste le Alpi italiane.<\/p>\n<p>Illustrando il logo dell&#8217;evento, ideato da Andrea Villani, il governatore ha esaltato le figura della stella alpina quale riferimento al radicamento con il territorio, all&#8217;insegna dei valori della tradizione della montagna.<\/p>\n<p>Infine Fedriga ha comunicato di aver gi\u00e0 avuto un incontro con il referente del Governo per lo sport al fine di sensibilizzare l&#8217;Esecutivo per un supporto adeguato a quello che \u00e8 l&#8217;impegno della Regione nell&#8217;organizzazione di Eyof 2023.<\/p>\n<p class=\"ox-9cde61058d-MsoNormal\">Atleti, dai 14 ai 18 anni, provenienti da oltre\u00a0<b>50 Paesi europei<\/b>, in rappresentanza di tutti i Comitati Olimpici Nazionali, si sfideranno nelle\u00a0<b>100 competizioni in calendario<\/b>.<strong> Tredici<\/strong> <b>le discipline invernali previste<\/b>: sci alpino, biathlon, sci di fondo, curling, pattinaggio di figura, freestyle, ski cross, hockey su ghiaccio, short track, salto con gli sci, sci alpinismo, snowboard e combinata nordica. E per la prima volta in assoluto il Friuli Venezia Giulia vedr\u00e0 il debutto a EYOF 2023 di sci alpinismo, freestyle e Ski Cross.<\/p>\n<p class=\"ox-9cde61058d-MsoNormal\"><b>11 le localit\u00e0 montane interessate\u00a0<\/b>per altrettante sedi di gara, che come detto vedranno coinvolte anche le vicine Austria e Slovenia.<\/p>\n<div class=\"x-video player\" data-x-element-mejs><div class=\"x-video-inner\"><video class=\"x-mejs x-wp-video-shortcode advanced-controls\" id=\"video-79662-1\" width=\"720\" height=\"406\" preload=\"metadata\" controls=\"controls\"><source type=\"video\/mp4\" src=\"http:\/\/comitati.fisi.org\/friuli-venezia-giulia\/wp-content\/uploads\/sites\/34\/2021\/06\/intervista.mp4?_=1\" \/><\/video><\/div><\/div>\n<p>&nbsp;<\/p>\n","protected":false},"excerpt":{"rendered":"<p>&#8220;Un evento internazionale importante, che coinvolger\u00e0 migliaia di giovani&#8221;, ha detto il presidente della Regione Fedriga<\/p>\n","protected":false},"author":4,"featured_media":79663,"comment_status":"closed","ping_status":"closed","sticky":false,"template":"","format":"standard","meta":{"_acf_changed":false,"footnotes":""},"categories":[10,17],"tags":[],"acf":[],"_links":{"self":[{"href":"https:\/\/comitati.fisi.org\/friuli-venezia-giulia\/wp-json\/wp\/v2\/posts\/79662"}],"collection":[{"href":"https:\/\/comitati.fisi.org\/friuli-venezia-giulia\/wp-json\/wp\/v2\/posts"}],"about":[{"href":"https:\/\/comitati.fisi.org\/friuli-venezia-giulia\/wp-json\/wp\/v2\/types\/post"}],"author":[{"embeddable":true,"href":"https:\/\/comitati.fisi.org\/friuli-venezia-giulia\/wp-json\/wp\/v2\/users\/4"}],"replies":[{"embeddable":true,"href":"https:\/\/comitati.fisi.org\/friuli-venezia-giulia\/wp-json\/wp\/v2\/comments?post=79662"}],"version-history":[{"count":0,"href":"https:\/\/comitati.fisi.org\/friuli-venezia-giulia\/wp-json\/wp\/v2\/posts\/79662\/revisions"}],"wp:featuredmedia":[{"embeddable":true,"href":"https:\/\/comitati.fisi.org\/friuli-venezia-giulia\/wp-json\/wp\/v2\/media\/79663"}],"wp:attachment":[{"href":"https:\/\/comitati.fisi.org\/friuli-venezia-giulia\/wp-json\/wp\/v2\/media?parent=79662"}],"wp:term":[{"taxonomy":"category","embeddable":true,"href":"https:\/\/comitati.fisi.org\/friuli-venezia-giulia\/wp-json\/wp\/v2\/categories?post=79662"},{"taxonomy":"post_tag","embeddable":true,"href":"https:\/\/comitati.fisi.org\/friuli-venezia-giulia\/wp-json\/wp\/v2\/tags?post=79662"}],"curies":[{"name":"wp","href":"https:\/\/api.w.org\/{rel}","templated":true}]}}