{"id":79636,"date":"2021-06-25T10:24:57","date_gmt":"2021-06-25T08:24:57","guid":{"rendered":"https:\/\/www.fisifvg.org\/?p=79636"},"modified":"2021-06-25T10:24:57","modified_gmt":"2021-06-25T08:24:57","slug":"raduno-di-12-giorni-a-obertilliach-per-lisa-vittozzi-e-daniele-cappellari","status":"publish","type":"post","link":"https:\/\/comitati.fisi.org\/friuli-venezia-giulia\/blog\/2021\/06\/25\/raduno-di-12-giorni-a-obertilliach-per-lisa-vittozzi-e-daniele-cappellari\/","title":{"rendered":"Raduno di 12 giorni a Obertilliach per Lisa Vittozzi e Daniele Cappellari"},"content":{"rendered":"<p>Ultimo raduno estivo a ranghi separati per il gruppo di Coppa del Mondo di biathlon, che si appresta al terzo allenamento della stagione della durata di 12 giorni.<\/p>\n<p>Il direttore tecnico Fabrizio Curtaz ha convocato cinque atleti da luned\u00ec 28 giugno a venerd\u00ec 9 luglio per la trasferta nella localit\u00e0 tedesca di Ruhpolding, alla quale parteciperanno Dorothea Wierer, Didier Bionaz, Tommaso Giacomel, Lukas Hofer e Dominik Windisch, che saranno seguiti dai tecnici Andreas Zingerle e Andrea Zattoni.<\/p>\n<p>A Obertilliach, in Austria, si recher\u00e0 invece l\u2019altra met\u00e0 del gruppo composto da Michela Carrara, Rebecca Passler, <strong>Lisa Vittozzi,<\/strong> Thomas Bormolini, Patrick Braunhofer e <strong>Daniele Cappellari<\/strong>, con i tecnici Klaus Hoellrigl e <strong>Mirco Romanin.<\/strong><\/p>\n<p><em><strong>(nella foto Lisa Vittozzi)<\/strong><\/em><\/p>\n","protected":false},"excerpt":{"rendered":"<p>Ultimo raduno estivo a ranghi separati per il gruppo di Coppa del Mondo di biathlon<\/p>\n","protected":false},"author":4,"featured_media":79343,"comment_status":"closed","ping_status":"closed","sticky":false,"template":"","format":"standard","meta":{"_acf_changed":false,"footnotes":""},"categories":[13,10],"tags":[],"acf":[],"_links":{"self":[{"href":"https:\/\/comitati.fisi.org\/friuli-venezia-giulia\/wp-json\/wp\/v2\/posts\/79636"}],"collection":[{"href":"https:\/\/comitati.fisi.org\/friuli-venezia-giulia\/wp-json\/wp\/v2\/posts"}],"about":[{"href":"https:\/\/comitati.fisi.org\/friuli-venezia-giulia\/wp-json\/wp\/v2\/types\/post"}],"author":[{"embeddable":true,"href":"https:\/\/comitati.fisi.org\/friuli-venezia-giulia\/wp-json\/wp\/v2\/users\/4"}],"replies":[{"embeddable":true,"href":"https:\/\/comitati.fisi.org\/friuli-venezia-giulia\/wp-json\/wp\/v2\/comments?post=79636"}],"version-history":[{"count":0,"href":"https:\/\/comitati.fisi.org\/friuli-venezia-giulia\/wp-json\/wp\/v2\/posts\/79636\/revisions"}],"wp:featuredmedia":[{"embeddable":true,"href":"https:\/\/comitati.fisi.org\/friuli-venezia-giulia\/wp-json\/wp\/v2\/media\/79343"}],"wp:attachment":[{"href":"https:\/\/comitati.fisi.org\/friuli-venezia-giulia\/wp-json\/wp\/v2\/media?parent=79636"}],"wp:term":[{"taxonomy":"category","embeddable":true,"href":"https:\/\/comitati.fisi.org\/friuli-venezia-giulia\/wp-json\/wp\/v2\/categories?post=79636"},{"taxonomy":"post_tag","embeddable":true,"href":"https:\/\/comitati.fisi.org\/friuli-venezia-giulia\/wp-json\/wp\/v2\/tags?post=79636"}],"curies":[{"name":"wp","href":"https:\/\/api.w.org\/{rel}","templated":true}]}}