{"id":79535,"date":"2021-06-22T13:12:41","date_gmt":"2021-06-22T11:12:41","guid":{"rendered":"https:\/\/www.fisifvg.org\/?p=79535"},"modified":"2021-06-22T13:12:41","modified_gmt":"2021-06-22T11:12:41","slug":"allenamenti-allo-stelvio-con-la-squadra-nazionale-per-andrea-craievich","status":"publish","type":"post","link":"https:\/\/comitati.fisi.org\/friuli-venezia-giulia\/blog\/2021\/06\/22\/allenamenti-allo-stelvio-con-la-squadra-nazionale-per-andrea-craievich\/","title":{"rendered":"Allenamenti allo Stelvio con la squadra nazionale per Andrea Craievich"},"content":{"rendered":"<p>Sono nove le convocate del gruppo B GS\/velocit\u00e0 femminile dal direttore tecnico giovanile dello sci alpino Massimo Carca per il raduno in programma da marted\u00ec 22 a marted\u00ec 29 giugno sul ghiacciaio del Passo dello Stelvio. Sono Giulia Albano, Carlotta Welf, Carlotta Da Canal, Monica Zanoner, Asja Zenere, Ilaria Ghisalberti, Vittoria Cappellini, Elisa Schranzhofer e Federica Lani con il coordinatore Damiano Scolari e i tecnici Daniel Dorigo, Henri Battilani, Paolo Bianchetti ed Elias Molema. Unica assente giustificata Heloise Edifizi.<\/p>\n<p>Insieme a loro scieranno anche le ragazze del gruppo C: Carole Agnelli, Annette Belfrond,<strong> Andrea Craievich (Sci Club 70, <em>nella foto)<\/em><\/strong>, Alessia Guerinoni, Celina Haller, Martina Piaggio e Laura Steinmair, con gli allenatori Angelo Weiss, Giuseppe Butelli e Gianlcua Grigoletto.<\/p>\n","protected":false},"excerpt":{"rendered":"<p>Appuntamento fino a marted\u00ec 29 per un folto gruppo di azzurre<\/p>\n","protected":false},"author":4,"featured_media":65444,"comment_status":"closed","ping_status":"closed","sticky":false,"template":"","format":"standard","meta":{"_acf_changed":false,"footnotes":""},"categories":[10,15],"tags":[],"acf":[],"_links":{"self":[{"href":"https:\/\/comitati.fisi.org\/friuli-venezia-giulia\/wp-json\/wp\/v2\/posts\/79535"}],"collection":[{"href":"https:\/\/comitati.fisi.org\/friuli-venezia-giulia\/wp-json\/wp\/v2\/posts"}],"about":[{"href":"https:\/\/comitati.fisi.org\/friuli-venezia-giulia\/wp-json\/wp\/v2\/types\/post"}],"author":[{"embeddable":true,"href":"https:\/\/comitati.fisi.org\/friuli-venezia-giulia\/wp-json\/wp\/v2\/users\/4"}],"replies":[{"embeddable":true,"href":"https:\/\/comitati.fisi.org\/friuli-venezia-giulia\/wp-json\/wp\/v2\/comments?post=79535"}],"version-history":[{"count":0,"href":"https:\/\/comitati.fisi.org\/friuli-venezia-giulia\/wp-json\/wp\/v2\/posts\/79535\/revisions"}],"wp:featuredmedia":[{"embeddable":true,"href":"https:\/\/comitati.fisi.org\/friuli-venezia-giulia\/wp-json\/wp\/v2\/media\/65444"}],"wp:attachment":[{"href":"https:\/\/comitati.fisi.org\/friuli-venezia-giulia\/wp-json\/wp\/v2\/media?parent=79535"}],"wp:term":[{"taxonomy":"category","embeddable":true,"href":"https:\/\/comitati.fisi.org\/friuli-venezia-giulia\/wp-json\/wp\/v2\/categories?post=79535"},{"taxonomy":"post_tag","embeddable":true,"href":"https:\/\/comitati.fisi.org\/friuli-venezia-giulia\/wp-json\/wp\/v2\/tags?post=79535"}],"curies":[{"name":"wp","href":"https:\/\/api.w.org\/{rel}","templated":true}]}}