{"id":79355,"date":"2021-06-13T08:18:22","date_gmt":"2021-06-13T06:18:22","guid":{"rendered":"https:\/\/www.fisifvg.org\/?p=79355"},"modified":"2021-06-13T08:18:22","modified_gmt":"2021-06-13T06:18:22","slug":"marco-gaudenzio-apre-la-coppa-italia-di-skiroll-con-un-bel-7-posto","status":"publish","type":"post","link":"https:\/\/comitati.fisi.org\/friuli-venezia-giulia\/blog\/2021\/06\/13\/marco-gaudenzio-apre-la-coppa-italia-di-skiroll-con-un-bel-7-posto\/","title":{"rendered":"Gaudenzio apre la Coppa Italia di skiroll con un bel 7\u00b0 posto"},"content":{"rendered":"<p>La\u00a0<b>Coppa Italia Cascina Bianca<\/b>\u00a0di skiroll,\u00a0 dopo una stagione di stop, a causa della pandemia \u00e8 ritornato in pista ed\u00a0\u00a0\u00e8 ripartito da Amatrice (RI), in occasione del Festival dello sport di Rieti. Il pensiero \u00e8 andato all&#8217;agosto 2016, quando il terremoto ha causato oltre 200 vittime nel comune di Amatrice. Si \u00e8 visto grande entusiasmo e voglia di rimettersi in gioco, una vera festa dello sport.<\/p>\n<p>Organizzazione affidata al\u00a0Winter Sport Subiaco in collaborazione con lo sci club Artemisio di Amatrice e il Rieti sport Festival. Apripista di eccezione, lo slalomista\u00a0<b>Giorgio Rocca\u00a0<\/b>quest&#8217;anno speciale ambassador del Rieti sport Festival.<\/p>\n<p>I primi leader della Coppa Italia assoluta sono Anna Bolzan ed Emanuele Becchis, che hanno vinto la prima gara della stagione. Nelle qualifiche maschili a sorpresa Michele Valerio, atleta trentino che gareggia per US Carisolo, ha messo tutti in fila con il tempo di 16.91, staccato di 5\/100 Emanuele Becchis (sci club Alpi Marittime) e terzo tempo per il sempreverde Alessio Berlanda (Team Futura) a 8\/100, quarto tempo per Francesco Becchis (Sci Club Alpi Marittime) a 59\/100, mentre il classe 2003 <strong>Marco Gaudenzio (Bachmann) ha chiuso ottavo<\/strong>.<br \/>\nAl femminile il miglior tempo veniva realizzato da Anna Bolzan (sci club Orsago) che aveva la meglio su Sabrina Borettaz (Amis de Verrayes). Dodicesima <strong>Petra Antonic del Mladina,<\/strong> che non si \u00e8 cos\u00ec qualificata alla seconda fase.<\/p>\n<p>Le batterie sono andate secondo copione, ad eccezione di una caduta alla partenza di Matteo Tanel, che si \u00e8 dovuto accontentare del nono posto finale. La finale femminile ha visto prevalere Anna Bolzan su Sabrina Borettaz, mentre Elisa Sordello guadagnava il terzo gradino sul podio ai danni di Laura Mortagna (Fiamme Oro). Nell&#8217;assoluta maschile Emanuele Becchis, dopo aver superato Alessio Berlanda in semifinale, vinceva davanti a Michele Valerio, terzo Berlanda. <strong>Gaudenzio,<\/strong> approdato ai quarti di finale, ha concluso in settima posizione.<\/p>\n<p>Nelle categorie giovanili da sottolineare il quarto posto Children di<strong> Alexsander Prodan del Mladina.<\/strong><\/p>\n<p>Oggi a Rieti sono in programma i <strong>Campionati Italiani<\/strong> in piano mass start a tecnica libera.<\/p>\n","protected":false},"excerpt":{"rendered":"<p>Amatrice ha ospitato una sprint a tecnica libera, oggi gli Italiani in piano mass start sempre skating<\/p>\n","protected":false},"author":4,"featured_media":79359,"comment_status":"closed","ping_status":"closed","sticky":false,"template":"","format":"standard","meta":{"_acf_changed":false,"footnotes":""},"categories":[10,11,23],"tags":[],"acf":[],"_links":{"self":[{"href":"https:\/\/comitati.fisi.org\/friuli-venezia-giulia\/wp-json\/wp\/v2\/posts\/79355"}],"collection":[{"href":"https:\/\/comitati.fisi.org\/friuli-venezia-giulia\/wp-json\/wp\/v2\/posts"}],"about":[{"href":"https:\/\/comitati.fisi.org\/friuli-venezia-giulia\/wp-json\/wp\/v2\/types\/post"}],"author":[{"embeddable":true,"href":"https:\/\/comitati.fisi.org\/friuli-venezia-giulia\/wp-json\/wp\/v2\/users\/4"}],"replies":[{"embeddable":true,"href":"https:\/\/comitati.fisi.org\/friuli-venezia-giulia\/wp-json\/wp\/v2\/comments?post=79355"}],"version-history":[{"count":0,"href":"https:\/\/comitati.fisi.org\/friuli-venezia-giulia\/wp-json\/wp\/v2\/posts\/79355\/revisions"}],"wp:featuredmedia":[{"embeddable":true,"href":"https:\/\/comitati.fisi.org\/friuli-venezia-giulia\/wp-json\/wp\/v2\/media\/79359"}],"wp:attachment":[{"href":"https:\/\/comitati.fisi.org\/friuli-venezia-giulia\/wp-json\/wp\/v2\/media?parent=79355"}],"wp:term":[{"taxonomy":"category","embeddable":true,"href":"https:\/\/comitati.fisi.org\/friuli-venezia-giulia\/wp-json\/wp\/v2\/categories?post=79355"},{"taxonomy":"post_tag","embeddable":true,"href":"https:\/\/comitati.fisi.org\/friuli-venezia-giulia\/wp-json\/wp\/v2\/tags?post=79355"}],"curies":[{"name":"wp","href":"https:\/\/api.w.org\/{rel}","templated":true}]}}