{"id":79350,"date":"2021-06-12T19:34:30","date_gmt":"2021-06-12T17:34:30","guid":{"rendered":"https:\/\/www.fisifvg.org\/?p=79350"},"modified":"2021-06-12T19:34:30","modified_gmt":"2021-06-12T17:34:30","slug":"inaugurata-la-nuove-sede-sociale-dellunione-sportiva-camporosso","status":"publish","type":"post","link":"https:\/\/comitati.fisi.org\/friuli-venezia-giulia\/blog\/2021\/06\/12\/inaugurata-la-nuove-sede-sociale-dellunione-sportiva-camporosso\/","title":{"rendered":"Inaugurata la nuove sede sociale dell&#8217;Unione Sportiva Camporosso"},"content":{"rendered":"<div class=\"\" dir=\"auto\">\n<div id=\"jsc_c_11u\" class=\"ecm0bbzt hv4rvrfc ihqw7lf3 dati1w0a\" data-ad-comet-preview=\"message\" data-ad-preview=\"message\">\n<div class=\"j83agx80 cbu4d94t ew0dbk1b irj2b8pg\">\n<div class=\"qzhwtbm6 knvmm38d\">\n<div class=\"o9v6fnle cxmmr5t8 oygrvhab hcukyx3x c1et5uql ii04i59q\">\n<p dir=\"auto\">Inaugurata la nuove sede sociale dell&#8217;Unione Sportiva Camporosso, sita in via Valcanale, presenti tra gli altri il sindaco Renzo Zanette, l&#8217;assessore allo Sport Mauro Zamolo e il vicep<span style=\"font-size: 1rem\">residente del Consiglio Regionale Stefano Mazzolini<\/span><span style=\"font-size: 1rem\">.<\/span><\/p>\n<\/div>\n<div dir=\"auto\">I nuovi locali ospiteranno una societ\u00e0 impegnata nella promozione dello sci alpino, con una importante attivit\u00e0 dedicata ai pi\u00f9 giovani, che si sviluppa anche nel periodo estivo con l&#8217;iniziativa &#8220;\u00c8..state in movimento&#8221;.<\/div>\n<div dir=\"auto\">La societ\u00e0 \u00e8 impegnata anche nell&#8217;organizzazione di importanti eventi quali la tradizionale Fiaccolata del Lussari, le gare di Coppa Europa di sci alpino di Selle Nevea e di corsa in montagna con la staffetta alpina del Monte Lussari.<\/div>\n<div class=\"o9v6fnle cxmmr5t8 oygrvhab hcukyx3x c1et5uql ii04i59q\">\n<div class=\"oajrlxb2 g5ia77u1 qu0x051f esr5mh6w e9989ue4 r7d6kgcz rq0escxv nhd2j8a9 nc684nl6 p7hjln8o kvgmc6g5 cxmmr5t8 oygrvhab hcukyx3x jb3vyjys rz4wbd8a qt6c0cv9 a8nywdso i1ao9s8h esuyzwwr f1sip0of lzcic4wl\" role=\"button\">&#8220;Complimenti <span style=\"font-size: 1rem\">al presidente Damiano Matiz<\/span><span style=\"font-size: 1rem\">, all&#8217;intero Consiglio Direttivo e a tutti i volontari del sodalizio che portano avanti con entusiasmo una tradizione radicata nella comunit\u00e0 camporossiana&#8221;, dice il sindaco Zanette.<\/span><\/div>\n<div role=\"button\"><\/div>\n<\/div>\n<\/div>\n<\/div>\n<\/div>\n<\/div>\n","protected":false},"excerpt":{"rendered":"<p>Una societ\u00e0 impegnata nell&#8217;organizzazione di importanti eventi<\/p>\n","protected":false},"author":4,"featured_media":79351,"comment_status":"closed","ping_status":"closed","sticky":false,"template":"","format":"standard","meta":{"_acf_changed":false,"footnotes":""},"categories":[10,17],"tags":[],"acf":[],"_links":{"self":[{"href":"https:\/\/comitati.fisi.org\/friuli-venezia-giulia\/wp-json\/wp\/v2\/posts\/79350"}],"collection":[{"href":"https:\/\/comitati.fisi.org\/friuli-venezia-giulia\/wp-json\/wp\/v2\/posts"}],"about":[{"href":"https:\/\/comitati.fisi.org\/friuli-venezia-giulia\/wp-json\/wp\/v2\/types\/post"}],"author":[{"embeddable":true,"href":"https:\/\/comitati.fisi.org\/friuli-venezia-giulia\/wp-json\/wp\/v2\/users\/4"}],"replies":[{"embeddable":true,"href":"https:\/\/comitati.fisi.org\/friuli-venezia-giulia\/wp-json\/wp\/v2\/comments?post=79350"}],"version-history":[{"count":0,"href":"https:\/\/comitati.fisi.org\/friuli-venezia-giulia\/wp-json\/wp\/v2\/posts\/79350\/revisions"}],"wp:featuredmedia":[{"embeddable":true,"href":"https:\/\/comitati.fisi.org\/friuli-venezia-giulia\/wp-json\/wp\/v2\/media\/79351"}],"wp:attachment":[{"href":"https:\/\/comitati.fisi.org\/friuli-venezia-giulia\/wp-json\/wp\/v2\/media?parent=79350"}],"wp:term":[{"taxonomy":"category","embeddable":true,"href":"https:\/\/comitati.fisi.org\/friuli-venezia-giulia\/wp-json\/wp\/v2\/categories?post=79350"},{"taxonomy":"post_tag","embeddable":true,"href":"https:\/\/comitati.fisi.org\/friuli-venezia-giulia\/wp-json\/wp\/v2\/tags?post=79350"}],"curies":[{"name":"wp","href":"https:\/\/api.w.org\/{rel}","templated":true}]}}