{"id":79312,"date":"2021-06-07T13:57:45","date_gmt":"2021-06-07T11:57:45","guid":{"rendered":"https:\/\/www.fisifvg.org\/?p=79312"},"modified":"2021-06-07T13:57:45","modified_gmt":"2021-06-07T11:57:45","slug":"a-marzo-2022-la-coppa-del-mondo-di-snowboard-ritornera-a-piancavallo","status":"publish","type":"post","link":"https:\/\/comitati.fisi.org\/friuli-venezia-giulia\/blog\/2021\/06\/07\/a-marzo-2022-la-coppa-del-mondo-di-snowboard-ritornera-a-piancavallo\/","title":{"rendered":"A marzo 2022 la Coppa del Mondo di snowboard ritorner\u00e0 a Piancavallo"},"content":{"rendered":"<p>La Federazione Internazionale dello Sci ha ufficializzato il calendario della prossima <strong>Coppa del mondo delle discipline alpine di snowboard<\/strong>, la cui apertura \u00e8 prevista a Banoye (Can) l\u201911 e 12 dicembre, dove si disputeranno un PGS e un PSL. In totale saranno sei gli appuntamenti di gigante e altrettanti quelli di slalom, con le nevi italiane protagoniste grazie alle localit\u00e0 di Carezza (PGS gioved\u00ec 16 dicembre), Cortina (PGS sabato 18 dicembre<strong>) e PIancavallo (slalom parallelo sabato 12 e slalom parallelo a squadre domenica 13 marzo)<\/strong>. Le restanti gare sono in programma a Scuol (PGS), Bad Gastein (PSL), una localit\u00e0 austriafca ancora da definire con PGS e PSL), Mosca (PSL), Rogla (PGS) e Berchtesgaden (PSL e PGS). Naturalmente il calendario subir\u00e0 uno stop per l\u2019appuntamwento olimpico di Pechino 2022 all\u2019inizio di febbraio.<\/p>\n<p>La squadra azzurra di specialit\u00e0 \u00e8 stata intanto convocata dal direttore tecnico Cesare Pisoni per il raduno sulla neve che vede impegnati sino a venerd\u00ec 11 giugno a Cervinia Aaron March, Maurizio Bormolini, Edwin Coratti, Daniele Bagozza, Mirko Felicetti, Gabriel Messner, Nadya Ochner, Elisa Caffont, Lucia Dalmasso e Jasmin Coratti, insieme ai tecnici Rudy Galli e Alessio Amorth.<\/p>\n<p>Il calendario della Cdm 2021\/22 di parallelo: <a href=\"https:\/\/assets.fis-ski.com\/image\/upload\/v1622705332\/fis-prod\/assets\/WC_SB_Alpine_2122.pdf\">assets.fis-ski.com\/image\/upload\/v1622705332\/fis-prod\/assets\/WC_SB_Alpine_2122.pdf<\/a><\/p>\n","protected":false},"excerpt":{"rendered":"<p>La Federazione Internazionale dello Sci ha ufficializzato il calendario della prossima Coppa del mondo delle discipline alpine<\/p>\n","protected":false},"author":4,"featured_media":69374,"comment_status":"closed","ping_status":"closed","sticky":false,"template":"","format":"standard","meta":{"_acf_changed":false,"footnotes":""},"categories":[10,18],"tags":[],"acf":[],"_links":{"self":[{"href":"https:\/\/comitati.fisi.org\/friuli-venezia-giulia\/wp-json\/wp\/v2\/posts\/79312"}],"collection":[{"href":"https:\/\/comitati.fisi.org\/friuli-venezia-giulia\/wp-json\/wp\/v2\/posts"}],"about":[{"href":"https:\/\/comitati.fisi.org\/friuli-venezia-giulia\/wp-json\/wp\/v2\/types\/post"}],"author":[{"embeddable":true,"href":"https:\/\/comitati.fisi.org\/friuli-venezia-giulia\/wp-json\/wp\/v2\/users\/4"}],"replies":[{"embeddable":true,"href":"https:\/\/comitati.fisi.org\/friuli-venezia-giulia\/wp-json\/wp\/v2\/comments?post=79312"}],"version-history":[{"count":0,"href":"https:\/\/comitati.fisi.org\/friuli-venezia-giulia\/wp-json\/wp\/v2\/posts\/79312\/revisions"}],"wp:featuredmedia":[{"embeddable":true,"href":"https:\/\/comitati.fisi.org\/friuli-venezia-giulia\/wp-json\/wp\/v2\/media\/69374"}],"wp:attachment":[{"href":"https:\/\/comitati.fisi.org\/friuli-venezia-giulia\/wp-json\/wp\/v2\/media?parent=79312"}],"wp:term":[{"taxonomy":"category","embeddable":true,"href":"https:\/\/comitati.fisi.org\/friuli-venezia-giulia\/wp-json\/wp\/v2\/categories?post=79312"},{"taxonomy":"post_tag","embeddable":true,"href":"https:\/\/comitati.fisi.org\/friuli-venezia-giulia\/wp-json\/wp\/v2\/tags?post=79312"}],"curies":[{"name":"wp","href":"https:\/\/api.w.org\/{rel}","templated":true}]}}