{"id":79262,"date":"2021-06-01T13:42:02","date_gmt":"2021-06-01T11:42:02","guid":{"rendered":"https:\/\/www.fisifvg.org\/?p=79262"},"modified":"2021-06-01T13:42:02","modified_gmt":"2021-06-01T11:42:02","slug":"dieci-giorni-di-allenamenti-in-tre-diverse-sedi-per-i-combinatisti-buzzi-e-pittin","status":"publish","type":"post","link":"https:\/\/comitati.fisi.org\/friuli-venezia-giulia\/blog\/2021\/06\/01\/dieci-giorni-di-allenamenti-in-tre-diverse-sedi-per-i-combinatisti-buzzi-e-pittin\/","title":{"rendered":"Dieci giorni di allenamenti in tre diverse sedi per i combinatisti Buzzi e Pittin"},"content":{"rendered":"<p>La squadra nazionale A di combinata nordica \u00e8 stata convocata per il raduno che si svolge in tre differenti localit\u00e0.<\/p>\n<p>La prima parte \u00e8 prevista fino al 2 giugno a Predazzo, poi si passer\u00e0 sul ghiacciaio del Passo dello Stelvio fino a sabato 5, chiusura a Riva del Garda fino a gioved\u00ec 10.<\/p>\n<p>Presenti <strong>Raffaele Buzzi, Alessandro Pittin<\/strong>, Samuel Costa e Aaron Kostner con gli allenatori Danny Winkelmann, Ivan Lunardi e Pietro Frigo.<\/p>\n<p>La squadra B composta da Domenico Mariotti, Iacopo Bortolas e Stefano Radovan \u00e8 attesa da mercoled\u00ec 2 a domenica 6 giugno a Predazzo con i tecnici Andrea Bezzi, <strong>Gianfranco Oballa<\/strong> ed Enrico Nizzi.<\/p>\n<p><em><strong>(nella foto Alessandro Pittin)<\/strong><\/em><\/p>\n<p>&nbsp;<\/p>\n","protected":false},"excerpt":{"rendered":"<p>La squadra nazionale A \u00e8 stata convocata per il raduno che si svolge fino al 10 giugno<\/p>\n","protected":false},"author":4,"featured_media":70402,"comment_status":"closed","ping_status":"closed","sticky":false,"template":"","format":"standard","meta":{"_acf_changed":false,"footnotes":""},"categories":[14],"tags":[],"acf":[],"_links":{"self":[{"href":"https:\/\/comitati.fisi.org\/friuli-venezia-giulia\/wp-json\/wp\/v2\/posts\/79262"}],"collection":[{"href":"https:\/\/comitati.fisi.org\/friuli-venezia-giulia\/wp-json\/wp\/v2\/posts"}],"about":[{"href":"https:\/\/comitati.fisi.org\/friuli-venezia-giulia\/wp-json\/wp\/v2\/types\/post"}],"author":[{"embeddable":true,"href":"https:\/\/comitati.fisi.org\/friuli-venezia-giulia\/wp-json\/wp\/v2\/users\/4"}],"replies":[{"embeddable":true,"href":"https:\/\/comitati.fisi.org\/friuli-venezia-giulia\/wp-json\/wp\/v2\/comments?post=79262"}],"version-history":[{"count":0,"href":"https:\/\/comitati.fisi.org\/friuli-venezia-giulia\/wp-json\/wp\/v2\/posts\/79262\/revisions"}],"wp:featuredmedia":[{"embeddable":true,"href":"https:\/\/comitati.fisi.org\/friuli-venezia-giulia\/wp-json\/wp\/v2\/media\/70402"}],"wp:attachment":[{"href":"https:\/\/comitati.fisi.org\/friuli-venezia-giulia\/wp-json\/wp\/v2\/media?parent=79262"}],"wp:term":[{"taxonomy":"category","embeddable":true,"href":"https:\/\/comitati.fisi.org\/friuli-venezia-giulia\/wp-json\/wp\/v2\/categories?post=79262"},{"taxonomy":"post_tag","embeddable":true,"href":"https:\/\/comitati.fisi.org\/friuli-venezia-giulia\/wp-json\/wp\/v2\/tags?post=79262"}],"curies":[{"name":"wp","href":"https:\/\/api.w.org\/{rel}","templated":true}]}}