{"id":79203,"date":"2021-05-24T13:43:14","date_gmt":"2021-05-24T11:43:14","guid":{"rendered":"https:\/\/www.fisifvg.org\/?p=79203"},"modified":"2021-05-24T13:43:14","modified_gmt":"2021-05-24T11:43:14","slug":"allenamento-con-la-squadra-nazionale-di-skiroll-per-michael-galassi","status":"publish","type":"post","link":"https:\/\/comitati.fisi.org\/friuli-venezia-giulia\/blog\/2021\/05\/24\/allenamento-con-la-squadra-nazionale-di-skiroll-per-michael-galassi\/","title":{"rendered":"Allenamento con la squadra nazionale di skiroll per Michael Galassi"},"content":{"rendered":"<p>Una settimana di lavoro a Anterselva per la Squadra nazionale A di skiroll.<br \/>\n<span style=\"font-size: 1rem\">Tutti gli effettivi sono stati convocati dal direttore tecnico Michel Rainer per sei giorni di training intenso.<\/span><\/p>\n<p>Saranno presenti Jacopo Giardina, Matteo Tanel, <strong>Michael Galassi<\/strong> <em><strong>(nella foto),<\/strong><\/em> Michele Valerio, Riccardo Masiero, Sabrina Borettaz, Elisa Sordello, Laura Mortagna e Anna Bolzan.<\/p>\n<p>Questo gruppo di atleti, che arriver\u00e0 in Alto Adige il 28 maggio, sar\u00e0 preceduto dai fratelli Francesco ed Emanuele Becchis, gi\u00e0 in pista da marted\u00ec 25.<\/p>\n<p>A guidare l\u2019allenamento i tecnici Emanuele Sbabo, Solange Chabloz e Marco Ripamonti, oltre al fisioterapista Antonio Ruggiero.<\/p>\n","protected":false},"excerpt":{"rendered":"<p>Il 31enne carnico al lavoro a Anterselva<\/p>\n","protected":false},"author":4,"featured_media":60844,"comment_status":"closed","ping_status":"closed","sticky":false,"template":"","format":"standard","meta":{"_acf_changed":false,"footnotes":""},"categories":[10,23,17],"tags":[],"acf":[],"_links":{"self":[{"href":"https:\/\/comitati.fisi.org\/friuli-venezia-giulia\/wp-json\/wp\/v2\/posts\/79203"}],"collection":[{"href":"https:\/\/comitati.fisi.org\/friuli-venezia-giulia\/wp-json\/wp\/v2\/posts"}],"about":[{"href":"https:\/\/comitati.fisi.org\/friuli-venezia-giulia\/wp-json\/wp\/v2\/types\/post"}],"author":[{"embeddable":true,"href":"https:\/\/comitati.fisi.org\/friuli-venezia-giulia\/wp-json\/wp\/v2\/users\/4"}],"replies":[{"embeddable":true,"href":"https:\/\/comitati.fisi.org\/friuli-venezia-giulia\/wp-json\/wp\/v2\/comments?post=79203"}],"version-history":[{"count":0,"href":"https:\/\/comitati.fisi.org\/friuli-venezia-giulia\/wp-json\/wp\/v2\/posts\/79203\/revisions"}],"wp:featuredmedia":[{"embeddable":true,"href":"https:\/\/comitati.fisi.org\/friuli-venezia-giulia\/wp-json\/wp\/v2\/media\/60844"}],"wp:attachment":[{"href":"https:\/\/comitati.fisi.org\/friuli-venezia-giulia\/wp-json\/wp\/v2\/media?parent=79203"}],"wp:term":[{"taxonomy":"category","embeddable":true,"href":"https:\/\/comitati.fisi.org\/friuli-venezia-giulia\/wp-json\/wp\/v2\/categories?post=79203"},{"taxonomy":"post_tag","embeddable":true,"href":"https:\/\/comitati.fisi.org\/friuli-venezia-giulia\/wp-json\/wp\/v2\/tags?post=79203"}],"curies":[{"name":"wp","href":"https:\/\/api.w.org\/{rel}","templated":true}]}}