{"id":79085,"date":"2021-05-11T08:51:20","date_gmt":"2021-05-11T06:51:20","guid":{"rendered":"https:\/\/www.fisifvg.org\/?p=79085"},"modified":"2021-05-11T08:51:20","modified_gmt":"2021-05-11T06:51:20","slug":"andrea-craievich-azzurra-un-sogno-che-si-avvera-ma-ora-sotto-con-il-lavoro","status":"publish","type":"post","link":"https:\/\/comitati.fisi.org\/friuli-venezia-giulia\/blog\/2021\/05\/11\/andrea-craievich-azzurra-un-sogno-che-si-avvera-ma-ora-sotto-con-il-lavoro\/","title":{"rendered":"Andrea Craievich azzurra:  \u00abUn sogno che si avvera, ma ora sotto con il lavoro\u00bb"},"content":{"rendered":"<p>La 21enne Andrea Craievich nella prossima stagione sar\u00e0 un&#8217;atleta della squadra nazionale C discipline tecniche di sci alpino.<br \/>\nUn&#8217;emozione indescrivibile per la ragazza di Sistiana ed anche per lo Sci Club 70, nel quale ha iniziato la sua vita di atleta. All&#8217;et\u00e0 di 6 anni, infatti, Andrea ha messo gli sci per la prima volta proprio sulla pista di plastica di Aurisina, oggi Centro federale di avviamento agli sport invernali. Anche la sua prima vittoria \u00e8 fortemente legata al sodalizio presieduto da Roberto Andreassich: Andrea sal\u00ec sul gradino pi\u00f9 alto del podio al trofeo Biberon a Forni di Sopra, nella categoria Cuccioli 1, evento organizzato da sempre dallo sci club 70.<\/p>\n<p>La Craievich, allenata da oltre 9 anni da Dario Della Libera, ha ottenuto nelle ultime stagioni ottimi risultati nelle varie categorie, vincendo gare FIS e FIS junior. Nel 2019 a Falcade, ha conquistato l&#8217;ottava posizione ai Campionati Italiani Assoluti di combinata alpina e, quest&#8217;anno, si \u00e8 classificata seconda assoluta al GP Italia, debuttando anche in Coppa Europa. Nella stagione 2019-2020 ha gareggiato con il Gruppo Sportivo Fiamme Oro, avendo la possibilit\u00e0 anche di essere seguita, nella fase autunnale, dall&#8217;ex azzurra di coppa del mondo Chiara Costazza.<\/p>\n<p>&#8220;Questa convocazione mi riempie di gioia. E&#8217; un sogno che si avvera, ma ora dovr\u00f2 lavorare ancora di pi\u00f9 anche dal punto di vista mentale&#8221;, ha affermato la sciatrice giuliana.<\/p>\n<p>Per il consigliere nazionale della FISI, Enzo Sima, l&#8217;entrata in azzurro della Craievich \u00e8 un&#8217;ottima notizia per tutto il movimento regionale che, nelle ultime stagioni, ha visto crescere interessanti giovani sia nel settore femminile che in quello maschile. Dopo anni di sacrifici e duri allenamenti per l&#8217;atleta triestina \u00e8 arrivato il momento della maturit\u00e0 agonistica.<\/p>\n<p>Il presidente della FISI del Friuli Venezia Giulia Maurizio Dunnhofer, si \u00e8 detto soddisfatto della notizia, facendo i complimenti all&#8217;atleta triestina, al coach Dario Della Libera ed allo sci club 70 che, da anni, promuove gli sport invernali, crescendo con passione e seriet\u00e0 piccoli sciatori, alcuni dei quali raggiungono risultati ed obiettivi prestigiosi. &#8220;La Craievich ne \u00e8 un esempio&#8221;, ha concluso Dunnhofer.<\/p>\n<p>Roberto Andreassich vede questa convocazione in nazionale di una propria tesserata come il risultato di un lavoro continuo, scrupoloso e serio di crescita dei moltissimi bambini che si iscrivono ai corsi organizzati dal club. &#8220;Abbiamo investito tutto sul nostro impianto sportivo di Aurisina, su un team di allenatori e tecnici preparati e sulla passione e dedizione che i nostri soci dimostrano ogni settimana &#8211; afferma -. A ci\u00f2 aggiungo l&#8217;importantissimo sostegno delle istituzioni civili e sportive che, in tutti questi anni, ci sono state vicine, tra cui la Regione Friuli Venezia Giulia, i Comuni di Trieste e Duino Aurisina, la FISI nazionale e FVG ed il CONI regionale. Sono sicuro che per Andrea sar\u00e0 una stagione di grande responsabilit\u00e0, crescita ed esperienza&#8221;, conclude il presidente del 70.<\/p>\n<div class=\"x-resp-embed x-is-video x-is-youtube\"><iframe loading=\"lazy\" title=\"Videomessaggio di Andrea Craievich in azzurro\" width=\"500\" height=\"375\" src=\"https:\/\/www.youtube.com\/embed\/73k2IvgPMd0?feature=oembed\" frameborder=\"0\" allow=\"accelerometer; autoplay; clipboard-write; encrypted-media; gyroscope; picture-in-picture; web-share\" referrerpolicy=\"strict-origin-when-cross-origin\" allowfullscreen><\/iframe><\/div>\n","protected":false},"excerpt":{"rendered":"<p>La 21enne di Sistiana nella prossima stagione sar\u00e0 un&#8217;atleta della squadra nazionale C discipline tecniche di sci alpino<\/p>\n","protected":false},"author":4,"featured_media":79086,"comment_status":"closed","ping_status":"closed","sticky":false,"template":"","format":"standard","meta":{"_acf_changed":false,"footnotes":""},"categories":[15],"tags":[],"acf":[],"_links":{"self":[{"href":"https:\/\/comitati.fisi.org\/friuli-venezia-giulia\/wp-json\/wp\/v2\/posts\/79085"}],"collection":[{"href":"https:\/\/comitati.fisi.org\/friuli-venezia-giulia\/wp-json\/wp\/v2\/posts"}],"about":[{"href":"https:\/\/comitati.fisi.org\/friuli-venezia-giulia\/wp-json\/wp\/v2\/types\/post"}],"author":[{"embeddable":true,"href":"https:\/\/comitati.fisi.org\/friuli-venezia-giulia\/wp-json\/wp\/v2\/users\/4"}],"replies":[{"embeddable":true,"href":"https:\/\/comitati.fisi.org\/friuli-venezia-giulia\/wp-json\/wp\/v2\/comments?post=79085"}],"version-history":[{"count":0,"href":"https:\/\/comitati.fisi.org\/friuli-venezia-giulia\/wp-json\/wp\/v2\/posts\/79085\/revisions"}],"wp:featuredmedia":[{"embeddable":true,"href":"https:\/\/comitati.fisi.org\/friuli-venezia-giulia\/wp-json\/wp\/v2\/media\/79086"}],"wp:attachment":[{"href":"https:\/\/comitati.fisi.org\/friuli-venezia-giulia\/wp-json\/wp\/v2\/media?parent=79085"}],"wp:term":[{"taxonomy":"category","embeddable":true,"href":"https:\/\/comitati.fisi.org\/friuli-venezia-giulia\/wp-json\/wp\/v2\/categories?post=79085"},{"taxonomy":"post_tag","embeddable":true,"href":"https:\/\/comitati.fisi.org\/friuli-venezia-giulia\/wp-json\/wp\/v2\/tags?post=79085"}],"curies":[{"name":"wp","href":"https:\/\/api.w.org\/{rel}","templated":true}]}}