{"id":79014,"date":"2021-05-05T13:43:02","date_gmt":"2021-05-05T11:43:02","guid":{"rendered":"https:\/\/www.fisifvg.org\/?p=79014"},"modified":"2021-05-05T13:43:02","modified_gmt":"2021-05-05T11:43:02","slug":"sette-giorni-di-allenamenti-in-azzurro-per-eleonora-e-daniele-fauner","status":"publish","type":"post","link":"https:\/\/comitati.fisi.org\/friuli-venezia-giulia\/blog\/2021\/05\/05\/sette-giorni-di-allenamenti-in-azzurro-per-eleonora-e-daniele-fauner\/","title":{"rendered":"Sette giorni di allenamenti in azzurro per Eleonora e Daniele Fauner"},"content":{"rendered":"<p>Primo raduno collegiale per la squadra nazionale B di biathlon, fresca di ufficializzazione. Il direttore tecnico Fabrizio Curtaz ha convocato undici atleti da gioved\u00ec 6 a gioved\u00ec 13 maggio nella localit\u00e0 valtellinese di Valdidentro: saranno presenti Samuela Comola, <strong>Eleonora Fauner,<\/strong> Irene Lardschneider, Beatrice Trabucchi, Martina Trabucchi, Hannah Auchentaller, Cedric Christille, <strong>Daniele Fauner,<\/strong> Michele Molinari, Iacopo Leonesio e David Zingerle.<br \/>\nInsieme a loro gli allenatori Alexander Inderst, Fabio Cianciana, Nicola Pozzi ed Edoardo Mezzaro.<br \/>\nNel calendario stilato dalla Federazione Internazionale, il via della stagione di Ibu Cup \u00e8 previsto dal 22 al 28 novembre a Idre, in Svezia.<\/p>\n<p>&nbsp;<\/p>\n","protected":false},"excerpt":{"rendered":"<p>Primo raduno collegiale per la squadra nazionale B di biathlon<\/p>\n","protected":false},"author":4,"featured_media":63344,"comment_status":"closed","ping_status":"closed","sticky":false,"template":"","format":"standard","meta":{"_acf_changed":false,"footnotes":""},"categories":[13,10],"tags":[],"acf":[],"_links":{"self":[{"href":"https:\/\/comitati.fisi.org\/friuli-venezia-giulia\/wp-json\/wp\/v2\/posts\/79014"}],"collection":[{"href":"https:\/\/comitati.fisi.org\/friuli-venezia-giulia\/wp-json\/wp\/v2\/posts"}],"about":[{"href":"https:\/\/comitati.fisi.org\/friuli-venezia-giulia\/wp-json\/wp\/v2\/types\/post"}],"author":[{"embeddable":true,"href":"https:\/\/comitati.fisi.org\/friuli-venezia-giulia\/wp-json\/wp\/v2\/users\/4"}],"replies":[{"embeddable":true,"href":"https:\/\/comitati.fisi.org\/friuli-venezia-giulia\/wp-json\/wp\/v2\/comments?post=79014"}],"version-history":[{"count":0,"href":"https:\/\/comitati.fisi.org\/friuli-venezia-giulia\/wp-json\/wp\/v2\/posts\/79014\/revisions"}],"wp:featuredmedia":[{"embeddable":true,"href":"https:\/\/comitati.fisi.org\/friuli-venezia-giulia\/wp-json\/wp\/v2\/media\/63344"}],"wp:attachment":[{"href":"https:\/\/comitati.fisi.org\/friuli-venezia-giulia\/wp-json\/wp\/v2\/media?parent=79014"}],"wp:term":[{"taxonomy":"category","embeddable":true,"href":"https:\/\/comitati.fisi.org\/friuli-venezia-giulia\/wp-json\/wp\/v2\/categories?post=79014"},{"taxonomy":"post_tag","embeddable":true,"href":"https:\/\/comitati.fisi.org\/friuli-venezia-giulia\/wp-json\/wp\/v2\/tags?post=79014"}],"curies":[{"name":"wp","href":"https:\/\/api.w.org\/{rel}","templated":true}]}}