{"id":78988,"date":"2021-05-04T16:04:55","date_gmt":"2021-05-04T14:04:55","guid":{"rendered":"https:\/\/www.fisifvg.org\/?p=78988"},"modified":"2021-05-04T16:04:55","modified_gmt":"2021-05-04T14:04:55","slug":"proseguimento-attivita-agonistica-comunicazione-del-presidente-flavio-roda","status":"publish","type":"post","link":"https:\/\/comitati.fisi.org\/friuli-venezia-giulia\/blog\/2021\/05\/04\/proseguimento-attivita-agonistica-comunicazione-del-presidente-flavio-roda\/","title":{"rendered":"Proseguimento attivit\u00e0 agonistica, comunicazione del Presidente Flavio Roda"},"content":{"rendered":"<p><em><strong>Proponiamo la comunicazione inviata dal Presidente della FISI Flavio Roda alle societ\u00e0.\u00a0<\/strong><\/em><\/p>\n<p>Cari Presidenti,<br \/>\ncon la presente siamo a informare che ai sensi dei Decreti-Legge di recente approvazione (DL n. 44 del 1 aprile 2021 e DL n. 52 del 22 aprile 2021), vengono procrastinate sino al 31 luglio 2021 le disposizioni di cui al provvedimento adottato in data 2 marzo 2021, in attuazione dell\u2019articolo 2, comma 1, del decreto-legge 25 marzo 2020, n. 19, convertito, con modificazioni, dalla legge 22 maggio 2020, n.35, salvo quanto diversamente disposto dall\u2019ultimo Decreto.<\/p>\n<p>Pertanto, resta in vigore l\u2019indicazione dell\u2019espletamento degli allenamenti in funzione della partecipazione a competizioni di livello agonistico e riconosciuti di preminente interesse nazionale e inserite nei calendari federali per le specifiche categorie.<\/p>\n<p>Al fine di consentire una continuit\u00e0 nella preparazione delle attivit\u00e0 in vista delle manifestazioni della prossima stagione agonistica, che sar\u00e0 cura della scrivente inserire a calendario, non si ravvisano elementi ostativi che impediscono il proseguimento delle attivit\u00e0 di allenamento nel rispetto delle disposizioni federali.<\/p>\n<p>Nel sottolineare, ancora una volta, l\u2019importanza del rispetto delle disposizioni sanitarie e dei protocolli federali cos\u00ec come di Vostra un\u2019attenta disamina della condotta dell\u2019operato delle societ\u00e0 nel solco della seriet\u00e0 e dell\u2019osservanza delle indicazioni, invio i pi\u00f9 cordiali saluti.<\/p>\n<p><strong>FLAVIO RODA<\/strong><\/p>\n","protected":false},"excerpt":{"rendered":"<p>Sottolineata ancora una volta l\u2019importanza del rispetto delle disposizioni sanitarie e dei protocolli federali<\/p>\n","protected":false},"author":4,"featured_media":32764,"comment_status":"closed","ping_status":"closed","sticky":false,"template":"","format":"standard","meta":{"_acf_changed":false,"footnotes":""},"categories":[21,10,17],"tags":[],"acf":[],"_links":{"self":[{"href":"https:\/\/comitati.fisi.org\/friuli-venezia-giulia\/wp-json\/wp\/v2\/posts\/78988"}],"collection":[{"href":"https:\/\/comitati.fisi.org\/friuli-venezia-giulia\/wp-json\/wp\/v2\/posts"}],"about":[{"href":"https:\/\/comitati.fisi.org\/friuli-venezia-giulia\/wp-json\/wp\/v2\/types\/post"}],"author":[{"embeddable":true,"href":"https:\/\/comitati.fisi.org\/friuli-venezia-giulia\/wp-json\/wp\/v2\/users\/4"}],"replies":[{"embeddable":true,"href":"https:\/\/comitati.fisi.org\/friuli-venezia-giulia\/wp-json\/wp\/v2\/comments?post=78988"}],"version-history":[{"count":0,"href":"https:\/\/comitati.fisi.org\/friuli-venezia-giulia\/wp-json\/wp\/v2\/posts\/78988\/revisions"}],"wp:featuredmedia":[{"embeddable":true,"href":"https:\/\/comitati.fisi.org\/friuli-venezia-giulia\/wp-json\/wp\/v2\/media\/32764"}],"wp:attachment":[{"href":"https:\/\/comitati.fisi.org\/friuli-venezia-giulia\/wp-json\/wp\/v2\/media?parent=78988"}],"wp:term":[{"taxonomy":"category","embeddable":true,"href":"https:\/\/comitati.fisi.org\/friuli-venezia-giulia\/wp-json\/wp\/v2\/categories?post=78988"},{"taxonomy":"post_tag","embeddable":true,"href":"https:\/\/comitati.fisi.org\/friuli-venezia-giulia\/wp-json\/wp\/v2\/tags?post=78988"}],"curies":[{"name":"wp","href":"https:\/\/api.w.org\/{rel}","templated":true}]}}