{"id":78832,"date":"2021-04-26T09:30:48","date_gmt":"2021-04-26T07:30:48","guid":{"rendered":"https:\/\/www.fisifvg.org\/?p=78832"},"modified":"2021-04-26T09:30:48","modified_gmt":"2021-04-26T07:30:48","slug":"il-settore-biathlon-fvg-pronto-a-programmare-la-stagione-21-22","status":"publish","type":"post","link":"https:\/\/comitati.fisi.org\/friuli-venezia-giulia\/blog\/2021\/04\/26\/il-settore-biathlon-fvg-pronto-a-programmare-la-stagione-21-22\/","title":{"rendered":"Il settore biathlon FVG pronto a programmare la stagione 21\/22"},"content":{"rendered":"<p>La commissione biathlon del Comitato FISI FVG convoca la riunione con le societ\u00e0 regionali praticanti la disciplina per venerd\u00ec 30 aprile alle 18 nella sala del Centro Biathlon di Piani di Luzza, a Forni Avoltri.<\/p>\n<p>All&#8217;ordine del giorno il programma della stagione 2021\/22.<\/p>\n<p>Per evitare assembramenti, alla riunione potranno partecipare non pi\u00f9 di due persone per societ\u00e0.<\/p>\n","protected":false},"excerpt":{"rendered":"<p>Venerd\u00ec 30 aprile si svolger\u00e0 una riunione tra le societ\u00e0 praticanti la disciplina<\/p>\n","protected":false},"author":4,"featured_media":74302,"comment_status":"closed","ping_status":"closed","sticky":false,"template":"","format":"standard","meta":{"_acf_changed":false,"footnotes":""},"categories":[13,10],"tags":[],"acf":[],"_links":{"self":[{"href":"https:\/\/comitati.fisi.org\/friuli-venezia-giulia\/wp-json\/wp\/v2\/posts\/78832"}],"collection":[{"href":"https:\/\/comitati.fisi.org\/friuli-venezia-giulia\/wp-json\/wp\/v2\/posts"}],"about":[{"href":"https:\/\/comitati.fisi.org\/friuli-venezia-giulia\/wp-json\/wp\/v2\/types\/post"}],"author":[{"embeddable":true,"href":"https:\/\/comitati.fisi.org\/friuli-venezia-giulia\/wp-json\/wp\/v2\/users\/4"}],"replies":[{"embeddable":true,"href":"https:\/\/comitati.fisi.org\/friuli-venezia-giulia\/wp-json\/wp\/v2\/comments?post=78832"}],"version-history":[{"count":0,"href":"https:\/\/comitati.fisi.org\/friuli-venezia-giulia\/wp-json\/wp\/v2\/posts\/78832\/revisions"}],"wp:featuredmedia":[{"embeddable":true,"href":"https:\/\/comitati.fisi.org\/friuli-venezia-giulia\/wp-json\/wp\/v2\/media\/74302"}],"wp:attachment":[{"href":"https:\/\/comitati.fisi.org\/friuli-venezia-giulia\/wp-json\/wp\/v2\/media?parent=78832"}],"wp:term":[{"taxonomy":"category","embeddable":true,"href":"https:\/\/comitati.fisi.org\/friuli-venezia-giulia\/wp-json\/wp\/v2\/categories?post=78832"},{"taxonomy":"post_tag","embeddable":true,"href":"https:\/\/comitati.fisi.org\/friuli-venezia-giulia\/wp-json\/wp\/v2\/tags?post=78832"}],"curies":[{"name":"wp","href":"https:\/\/api.w.org\/{rel}","templated":true}]}}