{"id":78547,"date":"2021-03-29T13:53:26","date_gmt":"2021-03-29T11:53:26","guid":{"rendered":"https:\/\/www.fisifvg.org\/?p=78547"},"modified":"2021-03-29T13:53:26","modified_gmt":"2021-03-29T11:53:26","slug":"impresa-taranzano-conquista-il-gp-italia-senior-ed-entra-in-squadra-nazionale","status":"publish","type":"post","link":"https:\/\/comitati.fisi.org\/friuli-venezia-giulia\/blog\/2021\/03\/29\/impresa-taranzano-conquista-il-gp-italia-senior-ed-entra-in-squadra-nazionale\/","title":{"rendered":"Impresa Taranzano: conquista il GP Italia Senior ed entra in squadra nazionale!"},"content":{"rendered":"<p>Luca Taranzano compie una vera e proprio impresa nell&#8217;ultima gara del GP Italia Senior, ovvero il superG di Santa Caterina Valfurva.<\/p>\n<p>Il 23enne dello Sci CAI Monte Lussari aveva una sola chance di conquistare il primo posto della classifica finale assoluta, ovvero vincere e sperare che Matteo Canins non si piazzasse nei primi quindici, essendo 40 alla vigilia dell&#8217;ultima gara i punti di differenza tre i due contendenti.<\/p>\n<div id=\"attachment_78549\" style=\"width: 410px\" class=\"wp-caption alignright\"><a href=\"http:\/\/comitati.fisi.org\/friuli-venezia-giulia\/wp-content\/uploads\/sites\/34\/2021\/03\/dddddd.jpeg\"><img loading=\"lazy\" decoding=\"async\" aria-describedby=\"caption-attachment-78549\" class=\"wp-image-78549\" src=\"http:\/\/comitati.fisi.org\/friuli-venezia-giulia\/wp-content\/uploads\/sites\/34\/2021\/03\/dddddd-400x400.jpeg\" alt=\"\" width=\"400\" height=\"343\" \/><\/a><p id=\"caption-attachment-78549\" class=\"wp-caption-text\">Luca Taranzano sul podio pi\u00f9 alto del GP Italia e, in copertina, con Gianluca Zanitzer<\/p><\/div>\n<p>Ebbene, Taranzano \u00e8 giunto terzo nella prova FIS alle spalle di Matteo Franzoso e Nicol\u00f2 Moltenti, conquistando cos\u00ec il primo posto nel GP Italia, che (ricordiamo ancora una volta) prende in considerazione gli sciatori non inseriti in squadra nazionale. Taranzano aveva il 107 e per esultare ha dovuto attendere il 165, pettorale di Canins, che ha tagliato il traguardo al 39\u00b0 posto, 30\u00b0 del GPI.<\/p>\n<p><strong>Taranzano si \u00e8 cos\u00ec aggiudicato la graduatoria assoluta<\/strong> del circuito istituzionale FISI, che da <strong>regolamento assegna al vincitore un posto in squadra nazionale nella prossima stagione\u00a0<\/strong> per i nati nell&#8217;anno &#8217;98 e successivi. E Taranzano \u00e8 proprio un &#8217;98.<\/p>\n<p><em>&#8220;Luca \u00e8 stato semplicemente grandioso&#8221;,<\/em> dice quasi spossato per un mix di tensione, emozione e gioia l&#8217;allenatore Gianluca Zanitzer, che guida il gruppo di lavoro comprendente anche Francesco Princi, Ciro di Piazza e, nel ruolo di preparatore atletico, il presidente del Comitato FISI FVG Maurizio Dunnhofer. &#8220;<em>Aveva solo una chance e se l&#8217;\u00e8 giocata al meglio, vivendola bene, provandoci e sciando davvero forte &#8211; <\/em>prosegue Zanitzer &#8211;<em>. La sfida con Canins, dominatore dello slalom, \u00e8 stata appassionante in queste ultime gare&#8221;.<\/em><\/p>\n<p>Un obiettivo meritato anche ricordando la prima parte di stagione: &#8220;<em>Inizialmente puntavamo alla Coppa Europa, poi a met\u00e0 dicembre un infortunio alla mano gli ha fatto perdere un mese &#8211;<\/em> conferma Zanitzer &#8211;<em>. A quel punto abbiamo deciso di dedicarci al GP Italia, concentrandoci sulla sua disciplina preferita, ovvero il gigante, ed effettuando allenamenti pi\u00f9 continui rispetto al passato nella velocit\u00e0. Una programmazione che si \u00e8 rivelata vincente&#8221;.<\/em><\/p>\n","protected":false},"excerpt":{"rendered":"<p>Il 23enne dello Sci CAI Monte Lussari vince il superG di Santa Caterina e sale in vetta alla classifica generale finale<\/p>\n","protected":false},"author":4,"featured_media":78550,"comment_status":"closed","ping_status":"closed","sticky":false,"template":"","format":"standard","meta":{"_acf_changed":false,"footnotes":""},"categories":[10,15],"tags":[],"acf":[],"_links":{"self":[{"href":"https:\/\/comitati.fisi.org\/friuli-venezia-giulia\/wp-json\/wp\/v2\/posts\/78547"}],"collection":[{"href":"https:\/\/comitati.fisi.org\/friuli-venezia-giulia\/wp-json\/wp\/v2\/posts"}],"about":[{"href":"https:\/\/comitati.fisi.org\/friuli-venezia-giulia\/wp-json\/wp\/v2\/types\/post"}],"author":[{"embeddable":true,"href":"https:\/\/comitati.fisi.org\/friuli-venezia-giulia\/wp-json\/wp\/v2\/users\/4"}],"replies":[{"embeddable":true,"href":"https:\/\/comitati.fisi.org\/friuli-venezia-giulia\/wp-json\/wp\/v2\/comments?post=78547"}],"version-history":[{"count":0,"href":"https:\/\/comitati.fisi.org\/friuli-venezia-giulia\/wp-json\/wp\/v2\/posts\/78547\/revisions"}],"wp:featuredmedia":[{"embeddable":true,"href":"https:\/\/comitati.fisi.org\/friuli-venezia-giulia\/wp-json\/wp\/v2\/media\/78550"}],"wp:attachment":[{"href":"https:\/\/comitati.fisi.org\/friuli-venezia-giulia\/wp-json\/wp\/v2\/media?parent=78547"}],"wp:term":[{"taxonomy":"category","embeddable":true,"href":"https:\/\/comitati.fisi.org\/friuli-venezia-giulia\/wp-json\/wp\/v2\/categories?post=78547"},{"taxonomy":"post_tag","embeddable":true,"href":"https:\/\/comitati.fisi.org\/friuli-venezia-giulia\/wp-json\/wp\/v2\/tags?post=78547"}],"curies":[{"name":"wp","href":"https:\/\/api.w.org\/{rel}","templated":true}]}}