{"id":78460,"date":"2021-03-28T09:36:00","date_gmt":"2021-03-28T07:36:00","guid":{"rendered":"https:\/\/www.fisifvg.org\/?p=78460"},"modified":"2021-03-28T09:36:00","modified_gmt":"2021-03-28T07:36:00","slug":"martina-di-centa-argento-nella-30-km-dei-campionati-italiani-under-23","status":"publish","type":"post","link":"https:\/\/comitati.fisi.org\/friuli-venezia-giulia\/blog\/2021\/03\/28\/martina-di-centa-argento-nella-30-km-dei-campionati-italiani-under-23\/","title":{"rendered":"Martina Di Centa argento nella 30 km dei Campionati Italiani Under 23"},"content":{"rendered":"<p>Martina Di Centa ha ottenuto la medaglia d&#8217;argento Under 23 nella 30 km tl dei Campionati Italiani di fondo di Passo Cereda.<\/p>\n<p>La paluzzana del Cs Carabinieri \u00e8 stata preceduta di 12&#8243;2 da Valentina Maj, ottenendo cos\u00ec il secondo podio della tappa tricolore trentina dopo il bronzo di venerd\u00ec nella 10 km.<\/p>\n<p>La prova assoluta \u00e8 stata vinta da Francesca Franchi con 4&#8243;6 su Ilaria Debertolis e 14&#8243;3 su Elisa Brocard, con la Di Centa settima a 41&#8243;5.<\/p>\n<p><a href=\"http:\/\/sci.ficr.it\/live\/index.php?c=1014&amp;curManche=1&amp;anno=2021\">CLASSIFICA<\/a><\/p>\n<p><span style=\"color: #ff0000\"><strong>MEDAGLIE CAMPIONATI MONDIALI 2020-2021 ATLETI FVG<\/strong><\/span><\/p>\n<p><span style=\"color: #ff9900\"><strong>ORO<br \/>\n<\/strong><\/span><span style=\"color: #000000\"><strong>-MARA MARTINI\u00a0 Sci Alpinismo\u00a0 Staffetta\u00a0 (La Massana-AND, 3-3-2021)<\/strong><\/span><\/p>\n<p><strong><span style=\"color: #808080\">ARGENTO<br \/>\n<\/span><\/strong><span style=\"color: #808080\"><span style=\"color: #000000\"><strong>-MARA MARTINI\u00a0 Sci Alpinismo\u00a0 Staffetta a coppie\u00a0 (Ar\u00eaches Beaufort-FRA, 12-3-2021)<\/strong><br \/>\n-FABIO PILLER COTTRER\u00a0 Biathlon\u00a0 Sprint\u00a0 Giovani (Obertilliach-AUT, 1-3-2021)<\/span><\/span><strong><span style=\"color: #808080\"><br \/>\n<\/span><\/strong><\/p>\n<p><strong><span style=\"color: #993366\">BRONZO<br \/>\n<\/span><\/strong><span style=\"color: #000000\"><strong>-MARA MARTINI\u00a0 Sci Alpinismo\u00a0 Sprint\u00a0 (La Massana-AND, 2-3-2021)<br \/>\n<\/strong>-FABIO PILLER COTTRER\u00a0 Biathlon\u00a0 Staffetta\u00a0 Giovani\u00a0 (Obertilliach-AUT, 5-3.2021)<br \/>\n-SARA SCATTOLO\u00a0 Biathlon\u00a0 Staffetta\u00a0 Giovani\u00a0 (Obertilliach-AUT, 5-3-2021)<br \/>\n-LUCA SCLISIZZO Fondo\u00a0 Staffetta\u00a0 Juniores (Vuokatti-FIN, 12-2-2021)<\/span><\/p>\n<p><span style=\"color: #ff0000\"><strong>PODI COPPA DEL MONDO ATLETI FVG<\/strong><\/span><\/p>\n<p><strong><span style=\"color: #808080\">SECONDO POSTO<br \/>\n<\/span><\/strong><strong>-LISA VITTOZZI\u00a0 Biathlon\u00a0 Staffetta mista\u00a0 (Nove Mesto-CZE, 14-3-2021)<br \/>\n-MARA MARTINI\u00a0 Sci Alpinismo\u00a0 Sprint\u00a0 (Madonna di Campiglio-ITA, 26-3-2021)<\/strong><\/p>\n<p><strong><span style=\"color: #993366\">TERZO POSTO<\/span><br \/>\n<\/strong><strong>-LISA VITTOZZI\u00a0 Biathlon\u00a0 Sprint\u00a0 (Nove Mesto-CZE, 6-3-2021)<\/strong><\/p>\n<p><span style=\"color: #ff0000\"><strong>MEDAGLIE CAMPIONATI ITALIANI ASSOLUTI E GIOVANILI 2020-2021 ATLETI FVG<\/strong><\/span><\/p>\n<p><span style=\"color: #ff9900\"><strong>ORO<br \/>\n<\/strong><\/span>-SARA SCATTOLO\u00a0 Biathlon\u00a0 Inseguimento\u00a0 Giovani\/U19<br \/>\n<strong>-LISA VITTOZZI\u00a0 Biathlon\u00a0 Mass Start\u00a0 Assoluti<\/strong><br \/>\n-SQUADRA (<em>Ilaria Scattolo, Serena Del Fabbro e Astrid Pl\u00f6sch)\u00a0\u00a0<\/em>Biathlon\u00a0 Staffetta\u00a0 Aspiranti\/U17<br \/>\n-SQUADRA Fiamme Oro (<em>Sara Scattolo<\/em>)\u00a0 Biathlon\u00a0 Staffetta\u00a0 Giovani\/U19<br \/>\n-SQUADRA Cs Esercito (<em>Sara Cesco Fabbro<\/em>)\u00a0 Biathlon\u00a0 Staffetta\u00a0 Juniores<br \/>\n-LUDOVICA DEL BIANCO\u00a0 Combinata\u00a0 U14<br \/>\n-GRETA PINZANI\u00a0 Combinata\u00a0 Aspiranti\/U16<br \/>\n-SQUADRA (<em>Desiree Ribbi, Giorgia Romanin, Aurora Baron<\/em>)\u00a0 Fondo\u00a0 Allievi\/U16<br \/>\n-ANDREA GARTNER\u00a0 Fondo\u00a0 Sprint TC\u00a0 U20<br \/>\n-FRANCESCO CECON\u00a0 Salto\u00a0 Juniores<br \/>\n-CAMILLA COMAZZI\u00a0 Salto\u00a0 Aspiranti\/U16<br \/>\n-LUDOVICA DEL BIANCO\u00a0 Salto\u00a0 U14<br \/>\n-SQUADRA (<em>Greta Pinzani-Camilla Comazzi-Martino Zambenedetti<\/em>)\u00a0 Salto\u00a0 Aspiranti\/U16<\/p>\n<p><strong><span style=\"color: #808080\">ARGENTO<br \/>\n<\/span><\/strong>-ANDREA STIPCOVICH\u00a0 Alpino\u00a0 Slalom Gigante\u00a0 Ragazzi\/U14<br \/>\n-SERENA DEL FABBRO\u00a0 Biathlon\u00a0 Mass Start\u00a0 Aspiranti\/U17<br \/>\n-ASTRID PL\u00d6SCH \u00a0Biathlon\u00a0 Sprint\u00a0 Aspiranti\/U17<br \/>\n-ASTRID PL\u00d6SCH \u00a0Biathlon\u00a0 Inseguimento\u00a0 Aspiranti\/U17<br \/>\n-DESIREE RIBBI\u00a0 Biathlon\u00a0 Inseguimento\u00a0 Allieve\/U15<br \/>\n-SQUADRA (<em>Fabio Cappellari-Alex Perissutti-Cesare Lozza<\/em>)\u00a0 Biathlon\u00a0 Staffetta\u00a0 Juniores<br \/>\n-SQUADRA CS Carabinieri (<em>Fabio Piller Cottrer-Mattia Piller Hoffer<\/em>)\u00a0 Biathlon\u00a0 Staffetta\u00a0 Giovani\/U19<strong><br \/>\n-ALESSANDRO PITTIN\u00a0 Combinata\u00a0 Assoluti<br \/>\n<\/strong>-AURORA BARON\u00a0 Fondo\u00a0 Sprint TL\u00a0 Allievi\/U16<br \/>\n-MARTINA DI CENTA\u00a0 Fondo\u00a0 30 km TL\u00a0 U23<br \/>\n-FEDERICO FLORA\u00a0 Fondo\u00a0 Sprint TL\u00a0 Allievi\/U16<br \/>\n-MATILDE FERRARI\u00a0 Fondo\u00a0 4 km TL\u00a0 Ragazzi\/U14<br \/>\n-DAVIDE GRAZ\u00a0 Fondo\u00a0 Sprint TC\u00a0 U23<br \/>\n-DAVIDE GRAZ\u00a0 Fondo\u00a0 15 km TC\u00a0 U23<br \/>\n<strong>-SQUADRA Fiamme Gialle (<em>Davide Graz<\/em>) Fondo\u00a0 Assoluti<br \/>\n<\/strong>-GABRIELE MONTELEONE\u00a0 Fondo\u00a0 Sprint TC\u00a0 U18<strong><br \/>\n-FRANCESCO CECON\u00a0 Salto\u00a0 Assoluti<br \/>\n<\/strong>-MARTINA ZANITZER\u00a0 Salto\u00a0 Aspiranti\/U16<\/p>\n<p><strong><span style=\"color: #993366\">BRONZO<br \/>\n<\/span><\/strong>-ANNA CARBONI\u00a0 Alpino\u00a0 Combinata\u00a0 Ragazzi\/U14<br \/>\n-SERENA DEL FABBRO\u00a0 Biathlon\u00a0 Inseguimento\u00a0 Aspiranti\/U17<br \/>\n-DANIELE FAUNER\u00a0 Biathlon\u00a0 Mass Start\u00a0 Juniores\/U22<br \/>\n-ASTRID PL\u00d6SCH\u00a0 Biathlon\u00a0 Mass Start\u00a0 Aspiranti\/U17<br \/>\n-DESIREE RIBBI\u00a0 Biathlon\u00a0 Sprint\u00a0 Allieve\/U15<br \/>\n-SARA SCATTOLO\u00a0 Biathlon\u00a0 Sprint\u00a0 Giovani\/U19<br \/>\n-SARA SCATTOLO\u00a0 Biathlon\u00a0 Mass Start\u00a0 Giovani\/U19<br \/>\n-SQUADRA (<em>Pietro Pallober, Lorenzo Solero e Nicolas Ribbi)\u00a0 <\/em>Biathlon\u00a0 Staffetta\u00a0 Giovani\/U19<br \/>\n-SQUADRA (<em>Marco Iorio, Simone Puntel, Marco Da Pozzo<\/em>)\u00a0 Biathlon\u00a0 Staffetta\u00a0 Allievi U\/15<br \/>\n-MARTINA ZANITZER\u00a0 Combinata\u00a0 Juniores\/U20<br \/>\n-MARTINA DI CENTA\u00a0 Fondo\u00a0 10 km tc\u00a0 U23<br \/>\n-MATILDE FERRARI\u00a0 Fondo\u00a0 Gimkana Sprint TL\u00a0 U14<br \/>\n-MARIA GISMONDI\u00a0 Fondo\u00a0 7.5 km TC\u00a0 U18<br \/>\n-GIORGIA ROMANIN\u00a0 Fondo\u00a0 5 km TC\u00a0 Allieve\/U16<br \/>\n-GIORGIA ROMANIN\u00a0 Fondo\u00a0 Sprint TL\u00a0 Allieve U\/16<br \/>\n-LUCA SCLISIZZO\u00a0 Fondo\u00a0 10 km TC\u00a0 U20<br \/>\n-LUCA SCLISIZZO\u00a0 Fondo\u00a0 10 km TL\u00a0 U20<br \/>\n-LUCA SCLISIZZO\u00a0 Fondo\u00a0 30 km TL\u00a0 U20<br \/>\n-SQUADRA\u00a0 (<em>Edoardo Buzzi, Andrea Gartner, Luca Kerer, Luca Sclisizzo)\u00a0\u00a0<\/em>Fondo\u00a0 U20<br \/>\n-CAMILLA COMAZZI\u00a0 Salto\u00a0 Juniores<br \/>\n-ERIKA PINZANI\u00a0 Salto\u00a0 U14<br \/>\n-MARTINO ZAMBENEDETTI\u00a0 Salto\u00a0 Aspiranti\/U16<\/p>\n<p><em><strong>(in neretto i podi assoluti)<\/strong><\/em><\/p>\n<p>&nbsp;<\/p>\n<p>&nbsp;<\/p>\n<p>&nbsp;<\/p>\n","protected":false},"excerpt":{"rendered":"<p>La paluzzana di nuovo sul podio dopo il bronzo di venerd\u00ec nella 10 km tc<\/p>\n","protected":false},"author":4,"featured_media":73159,"comment_status":"closed","ping_status":"closed","sticky":false,"template":"","format":"standard","meta":{"_acf_changed":false,"footnotes":""},"categories":[11],"tags":[],"acf":[],"_links":{"self":[{"href":"https:\/\/comitati.fisi.org\/friuli-venezia-giulia\/wp-json\/wp\/v2\/posts\/78460"}],"collection":[{"href":"https:\/\/comitati.fisi.org\/friuli-venezia-giulia\/wp-json\/wp\/v2\/posts"}],"about":[{"href":"https:\/\/comitati.fisi.org\/friuli-venezia-giulia\/wp-json\/wp\/v2\/types\/post"}],"author":[{"embeddable":true,"href":"https:\/\/comitati.fisi.org\/friuli-venezia-giulia\/wp-json\/wp\/v2\/users\/4"}],"replies":[{"embeddable":true,"href":"https:\/\/comitati.fisi.org\/friuli-venezia-giulia\/wp-json\/wp\/v2\/comments?post=78460"}],"version-history":[{"count":0,"href":"https:\/\/comitati.fisi.org\/friuli-venezia-giulia\/wp-json\/wp\/v2\/posts\/78460\/revisions"}],"wp:featuredmedia":[{"embeddable":true,"href":"https:\/\/comitati.fisi.org\/friuli-venezia-giulia\/wp-json\/wp\/v2\/media\/73159"}],"wp:attachment":[{"href":"https:\/\/comitati.fisi.org\/friuli-venezia-giulia\/wp-json\/wp\/v2\/media?parent=78460"}],"wp:term":[{"taxonomy":"category","embeddable":true,"href":"https:\/\/comitati.fisi.org\/friuli-venezia-giulia\/wp-json\/wp\/v2\/categories?post=78460"},{"taxonomy":"post_tag","embeddable":true,"href":"https:\/\/comitati.fisi.org\/friuli-venezia-giulia\/wp-json\/wp\/v2\/tags?post=78460"}],"curies":[{"name":"wp","href":"https:\/\/api.w.org\/{rel}","templated":true}]}}